{"id":674,"date":"2024-11-18T16:06:30","date_gmt":"2024-11-18T16:06:30","guid":{"rendered":"https:\/\/epicchampionship.com\/eurocup3\/article\/eurocup-3-anuncia-calendario-para-2025\/"},"modified":"2025-05-12T10:23:41","modified_gmt":"2025-05-12T10:23:41","slug":"eurocup-3-anuncia-calendario-para-2025","status":"publish","type":"article","link":"https:\/\/eurocup3.org\/es\/article\/eurocup-3-anuncia-calendario-para-2025\/","title":{"rendered":"Eurocup-3 anuncia calendario para 2025"},"content":{"rendered":"\n<p>Red Bull Ring, Portimao, Paul Ricard, Monza, Assen, Spa-Francorchamps, Jerez y Barcelona ser\u00e1n las sedes de los eventos que compondr\u00e1n el calendario 2025 de la Eurocup-3 antes de su tercera temporada.<\/p>\n\n<p>Despu\u00e9s de una fant\u00e1stica temporada en 2024 con m\u00e1s de 40 pilotos uni\u00e9ndose a la serie durante el a\u00f1o, 2025 promete a\u00fan m\u00e1s carreras llenas de acci\u00f3n, ya que parrillas m\u00e1s grandes competir\u00e1n en ocho de los circuitos m\u00e1s ic\u00f3nicos de Europa.<\/p>\n\n<p>Los motores rugir\u00e1n por primera vez del 16 al 18 de mayo en Red Bull Ring para iniciar una temporada de Eurocup-3 por primera vez.<\/p>\n\n<p>Junio comenzar\u00e1 visitando Portugal con la Ronda 2 que se llevar\u00e1 a cabo en el Autodromo do Algarve en Portimao el fin de semana del 6, 7 y 8 de junio. Luego, los equipos y pilotos visitar\u00e1n el Circuito Paul Ricard donde se celebrar\u00e1 la Ronda 3 el fin de semana del 20, 21 y 22 de junio.<\/p>\n\n<p>Del 5 al 6 de julio, la Eurocup-3 regresar\u00e1 a Italia despu\u00e9s de una primera visita en la Temporada 1 con el cuarto evento del a\u00f1o programado en el Autodromo Nazionale di Monza marcando el punto medio de la temporada<br\/>Los Pa\u00edses Bajos permanecen en el calendario pero con una nueva sede: El TT Circuit Assen celebrar\u00e1 la Ronda 5 los d\u00edas 8, 9 y 10 de agosto.<\/p>\n\n<p>Los equipos y pilotos disfrutar\u00e1n de un merecido mes de descanso antes de embarcarse en la recta final de la temporada, comenzando el 4 y 5 de septiembre en el Circuito Spa-Francorchamps, que sin duda ser\u00e1 una de las etapas clave en la lucha por los diferentes t\u00edtulos.<\/p>\n\n<p>Luego, la Eurocup-3 aterrizar\u00e1 en suelo espa\u00f1ol para las dos \u00faltimas rondas del a\u00f1o comenzando en el Circuito de Jerez-\u00c1ngel Nieto los d\u00edas 19, 20 y 21 de septiembre, mientras que el Circuit de Barcelona-Catalunya albergar\u00e1 la Final de Temporada el fin de semana del 14, 15 y 16 de noviembre.<\/p>\n\n<p>Marco Rodr\u00edguez, Coordinador General, dijo: \u201c<em>\u00a1La temporada 2024 ha sido incre\u00edble para nosotros! Hemos duplicado las inscripciones y establecido el campeonato como un verdadero referente en la categor\u00eda y estamos listos para el brillante futuro que tenemos por delante. El calendario 2025 ser\u00e1 el m\u00e1s europeo para nosotros en nuestros tres a\u00f1os de vida con 6 rondas en el extranjero, incluyendo una nueva sede para nosotros, el TT Circuit Assen, mientras que la parte final del a\u00f1o ser\u00e1 frente al p\u00fablico espa\u00f1ol. \u00bfQu\u00e9 m\u00e1s? No podemos esperar a ver qu\u00e9 nos depara la Temporada 3<\/em>\u201d.<\/p>\n\n<p><br\/><strong>CALENDARIO EUROCUP-3 2025<\/strong>*<\/p>\n\n<p><strong>Ronda 1<\/strong>: Red Bull Ring (Austria) \/ 16, 17 y 18 de mayo<br\/><strong>Ronda 2<\/strong>: Autodromo do Algarve (Portugal) \/ 6, 7 y 8 de junio<br\/><strong>Ronda 3<\/strong>: Circuit Paul Ricard (Francia) \/ 20, 21 y 22 de junio<br\/><strong>Ronda 4<\/strong>: Autodromo Nazionale di Monza (Italia) \/ 5 y 6 de julio<br\/><strong>Ronda 5<\/strong>: TT Circuit Assen (Pa\u00edses Bajos) \/ 8, 9 y 10 de agosto<br\/><strong>Ronda 6<\/strong>: Circuit de Spa-Francorchamps (B\u00e9lgica) \/ 4 y 5 de septiembre<br\/><strong>Ronda 7<\/strong>: Circuito de Jerez \u2013 \u00c1ngel Nieto (Espa\u00f1a) \/ 19, 20 y 21 de septiembre<br\/><strong>Ronda 8<\/strong>: Circuit de Barcelona-Catalunya (Espa\u00f1a) \/ 14, 15 y 16 de noviembre<\/p>\n\n<p>*Calendario sujeto a aprobaci\u00f3n por el Consejo Mundial de Deportes de Motor (WMSC).<\/p>\n\n<p><\/p>\n","protected":false},"excerpt":{"rendered":"<p>Red Bull Ring, Portimao, Paul Ricard, Monza, Assen, Spa-Francorchamps, Jerez y Barcelona ser\u00e1n las sedes de los eventos que compondr\u00e1n [&hellip;]<\/p>\n","protected":false},"author":12,"featured_media":389,"template":"","format":"standard","meta":{"_acf_changed":false,"r1-race-rules":"","r1cancelledevent":false,"r1completed":false,"r1onreview":false,"first_race":"%5B%5D","r2-race-rules":"","r2cancelledevent":false,"r2completed":false,"r2onreview":false,"second_race":"%5B%5D","r3-race-rules":"","r3cancelledevent":false,"r3completed":false,"r3onreview":false,"third_race":"%5B%5D","show-schedule":false,"show-day-1":false,"schedule1date":"","schedule1":"%5B%5D","show-day-2":false,"schedule2date":"","schedule2":"%5B%5D","show-day-3":false,"schedule3date":"","show-day-4":false,"schedule4date":"","schedule3":"%5B%5D","schedule4":"%5B%5D","q1-race-rules":"","q1cancelledevent":false,"q1completed":false,"q1onreview":false,"qualy1":"%5B%5D","q2-race-rules":"","q2cancelledevent":false,"q2completed":false,"q2onreview":false,"qualy2":"%5B%5D","p2cancelledevent":false,"practice-2":"%5B%5D","p1cancelledevent":false,"practice-1":"%5B%5D","drivers-list":"%5B%5D","teams-list":"%5B%5D","footnotes":""},"categories":[],"tags":[77,78,71,66,74,63,73,75,76,72],"class_list":["post-674","article","type-article","status-publish","format-standard","has-post-thumbnail","hentry","tag-assen-es","tag-autodromo-do-algarve-es","tag-calendario","tag-circuit-de-barcelona-catalunya-es","tag-circuito-de-jerez-angel-nieto-es","tag-eurocup3-es","tag-monza-es","tag-paul-ricard-es","tag-red-bull-ring-es","tag-spa-francorchamps-es"],"acf":[],"yoast_head":"<!-- This site is optimized with the Yoast SEO plugin v26.2 - https:\/\/yoast.com\/wordpress\/plugins\/seo\/ -->\n<title>Eurocup-3 anuncia calendario para 2025 - Eurocup-3<\/title>\n<meta name=\"description\" content=\"Eurocup-3 anuncia calendario para 2025 -\" \/>\n<meta name=\"robots\" content=\"index, follow, max-snippet:-1, max-image-preview:large, max-video-preview:-1\" \/>\n<link rel=\"canonical\" href=\"https:\/\/eurocup3.org\/es\/article\/eurocup-3-anuncia-calendario-para-2025\/\" \/>\n<meta property=\"og:locale\" content=\"es_ES\" \/>\n<meta property=\"og:type\" content=\"article\" \/>\n<meta property=\"og:title\" content=\"Eurocup-3 anuncia calendario para 2025 - Eurocup-3\" \/>\n<meta property=\"og:description\" content=\"Eurocup-3 anuncia calendario para 2025 -\" \/>\n<meta property=\"og:url\" content=\"https:\/\/eurocup3.org\/es\/article\/eurocup-3-anuncia-calendario-para-2025\/\" \/>\n<meta property=\"og:site_name\" content=\"Eurocup-3\" \/>\n<meta property=\"article:modified_time\" content=\"2025-05-12T10:23:41+00:00\" \/>\n<meta property=\"og:image\" content=\"https:\/\/eurocup3.org\/wp-content\/uploads\/sites\/4\/2024\/11\/2025-calendar-announce.jpg\" \/>\n\t<meta property=\"og:image:width\" content=\"1200\" \/>\n\t<meta property=\"og:image:height\" content=\"675\" \/>\n\t<meta property=\"og:image:type\" content=\"image\/jpeg\" \/>\n<meta name=\"twitter:card\" content=\"summary_large_image\" \/>\n<meta name=\"twitter:label1\" content=\"Tiempo de lectura\" \/>\n\t<meta name=\"twitter:data1\" content=\"3 minutos\" \/>\n<script type=\"application\/ld+json\" class=\"yoast-schema-graph\">{\"@context\":\"https:\/\/schema.org\",\"@graph\":[{\"@type\":\"NewsArticle\",\"@id\":\"https:\/\/eurocup3.org\/es\/article\/eurocup-3-anuncia-calendario-para-2025\/#article\",\"isPartOf\":{\"@id\":\"https:\/\/eurocup3.org\/es\/article\/eurocup-3-anuncia-calendario-para-2025\/\"},\"author\":{\"name\":\"andres-info\",\"@id\":\"https:\/\/eurocup3.org\/es\/#\/schema\/person\/e7e9b3730b330993b317b2aed6f82715\"},\"headline\":\"Eurocup-3 anuncia calendario para 2025\",\"datePublished\":\"2024-11-18T16:06:30+00:00\",\"dateModified\":\"2025-05-12T10:23:41+00:00\",\"mainEntityOfPage\":{\"@id\":\"https:\/\/eurocup3.org\/es\/article\/eurocup-3-anuncia-calendario-para-2025\/\"},\"wordCount\":511,\"publisher\":{\"@id\":\"https:\/\/eurocup3.org\/es\/#organization\"},\"image\":{\"@id\":\"https:\/\/eurocup3.org\/es\/article\/eurocup-3-anuncia-calendario-para-2025\/#primaryimage\"},\"thumbnailUrl\":\"https:\/\/eurocup3.org\/wp-content\/uploads\/sites\/4\/2024\/11\/2025-calendar-announce.jpg\",\"keywords\":[\"Assen\",\"Autodromo do Algarve\",\"calendario\",\"Circuit de Barcelona-Catalunya\",\"circuito de jerez - angel nieto\",\"Eurocup3\",\"Monza\",\"paul ricard\",\"red bull ring\",\"Spa-Francorchamps\"],\"inLanguage\":\"es\"},{\"@type\":\"WebPage\",\"@id\":\"https:\/\/eurocup3.org\/es\/article\/eurocup-3-anuncia-calendario-para-2025\/\",\"url\":\"https:\/\/eurocup3.org\/es\/article\/eurocup-3-anuncia-calendario-para-2025\/\",\"name\":\"Eurocup-3 anuncia calendario para 2025 - Eurocup-3\",\"isPartOf\":{\"@id\":\"https:\/\/eurocup3.org\/es\/#website\"},\"primaryImageOfPage\":{\"@id\":\"https:\/\/eurocup3.org\/es\/article\/eurocup-3-anuncia-calendario-para-2025\/#primaryimage\"},\"image\":{\"@id\":\"https:\/\/eurocup3.org\/es\/article\/eurocup-3-anuncia-calendario-para-2025\/#primaryimage\"},\"thumbnailUrl\":\"https:\/\/eurocup3.org\/wp-content\/uploads\/sites\/4\/2024\/11\/2025-calendar-announce.jpg\",\"datePublished\":\"2024-11-18T16:06:30+00:00\",\"dateModified\":\"2025-05-12T10:23:41+00:00\",\"description\":\"Eurocup-3 anuncia calendario para 2025 -\",\"breadcrumb\":{\"@id\":\"https:\/\/eurocup3.org\/es\/article\/eurocup-3-anuncia-calendario-para-2025\/#breadcrumb\"},\"inLanguage\":\"es\",\"potentialAction\":[{\"@type\":\"ReadAction\",\"target\":[\"https:\/\/eurocup3.org\/es\/article\/eurocup-3-anuncia-calendario-para-2025\/\"]}]},{\"@type\":\"ImageObject\",\"inLanguage\":\"es\",\"@id\":\"https:\/\/eurocup3.org\/es\/article\/eurocup-3-anuncia-calendario-para-2025\/#primaryimage\",\"url\":\"https:\/\/eurocup3.org\/wp-content\/uploads\/sites\/4\/2024\/11\/2025-calendar-announce.jpg\",\"contentUrl\":\"https:\/\/eurocup3.org\/wp-content\/uploads\/sites\/4\/2024\/11\/2025-calendar-announce.jpg\",\"width\":1200,\"height\":675,\"caption\":\"2025-calendar-announce\"},{\"@type\":\"BreadcrumbList\",\"@id\":\"https:\/\/eurocup3.org\/es\/article\/eurocup-3-anuncia-calendario-para-2025\/#breadcrumb\",\"itemListElement\":[{\"@type\":\"ListItem\",\"position\":1,\"name\":\"Home\",\"item\":\"https:\/\/eurocup3.org\/es\/\"},{\"@type\":\"ListItem\",\"position\":2,\"name\":\"articles\",\"item\":\"https:\/\/eurocup3.org\/es\/article\/\"},{\"@type\":\"ListItem\",\"position\":3,\"name\":\"Eurocup-3 anuncia calendario para 2025\"}]},{\"@type\":\"WebSite\",\"@id\":\"https:\/\/eurocup3.org\/es\/#website\",\"url\":\"https:\/\/eurocup3.org\/es\/\",\"name\":\"Eurocup-3\",\"description\":\"\",\"publisher\":{\"@id\":\"https:\/\/eurocup3.org\/es\/#organization\"},\"potentialAction\":[{\"@type\":\"SearchAction\",\"target\":{\"@type\":\"EntryPoint\",\"urlTemplate\":\"https:\/\/eurocup3.org\/es\/?s={search_term_string}\"},\"query-input\":{\"@type\":\"PropertyValueSpecification\",\"valueRequired\":true,\"valueName\":\"search_term_string\"}}],\"inLanguage\":\"es\"},{\"@type\":\"Organization\",\"@id\":\"https:\/\/eurocup3.org\/es\/#organization\",\"name\":\"Eurocup-3\",\"url\":\"https:\/\/eurocup3.org\/es\/\",\"logo\":{\"@type\":\"ImageObject\",\"inLanguage\":\"es\",\"@id\":\"https:\/\/eurocup3.org\/es\/#\/schema\/logo\/image\/\",\"url\":\"https:\/\/eurocup3.org\/wp-content\/uploads\/sites\/4\/2025\/05\/Isotipo-Eurocup-3-Color-@4x.png\",\"contentUrl\":\"https:\/\/eurocup3.org\/wp-content\/uploads\/sites\/4\/2025\/05\/Isotipo-Eurocup-3-Color-@4x.png\",\"width\":2132,\"height\":195,\"caption\":\"Eurocup-3\"},\"image\":{\"@id\":\"https:\/\/eurocup3.org\/es\/#\/schema\/logo\/image\/\"}},{\"@type\":\"Person\",\"@id\":\"https:\/\/eurocup3.org\/es\/#\/schema\/person\/e7e9b3730b330993b317b2aed6f82715\",\"name\":\"andres-info\",\"image\":{\"@type\":\"ImageObject\",\"inLanguage\":\"es\",\"@id\":\"https:\/\/eurocup3.org\/es\/#\/schema\/person\/image\/\",\"url\":\"https:\/\/secure.gravatar.com\/avatar\/1768ab309eca5f2a3e2472ac3507bedfa6d3aa4498c7d55cf428b8c5b67547b0?s=96&d=mm&r=g\",\"contentUrl\":\"https:\/\/secure.gravatar.com\/avatar\/1768ab309eca5f2a3e2472ac3507bedfa6d3aa4498c7d55cf428b8c5b67547b0?s=96&d=mm&r=g\",\"caption\":\"andres-info\"},\"url\":\"https:\/\/eurocup3.org\/es\/author\/andres-info\/\"}]}<\/script>\n<!-- \/ Yoast SEO plugin. -->","yoast_head_json":{"title":"Eurocup-3 anuncia calendario para 2025 - Eurocup-3","description":"Eurocup-3 anuncia calendario para 2025 -","robots":{"index":"index","follow":"follow","max-snippet":"max-snippet:-1","max-image-preview":"max-image-preview:large","max-video-preview":"max-video-preview:-1"},"canonical":"https:\/\/eurocup3.org\/es\/article\/eurocup-3-anuncia-calendario-para-2025\/","og_locale":"es_ES","og_type":"article","og_title":"Eurocup-3 anuncia calendario para 2025 - Eurocup-3","og_description":"Eurocup-3 anuncia calendario para 2025 -","og_url":"https:\/\/eurocup3.org\/es\/article\/eurocup-3-anuncia-calendario-para-2025\/","og_site_name":"Eurocup-3","article_modified_time":"2025-05-12T10:23:41+00:00","og_image":[{"width":1200,"height":675,"url":"https:\/\/eurocup3.org\/wp-content\/uploads\/sites\/4\/2024\/11\/2025-calendar-announce.jpg","type":"image\/jpeg"}],"twitter_card":"summary_large_image","twitter_misc":{"Tiempo de lectura":"3 minutos"},"schema":{"@context":"https:\/\/schema.org","@graph":[{"@type":"NewsArticle","@id":"https:\/\/eurocup3.org\/es\/article\/eurocup-3-anuncia-calendario-para-2025\/#article","isPartOf":{"@id":"https:\/\/eurocup3.org\/es\/article\/eurocup-3-anuncia-calendario-para-2025\/"},"author":{"name":"andres-info","@id":"https:\/\/eurocup3.org\/es\/#\/schema\/person\/e7e9b3730b330993b317b2aed6f82715"},"headline":"Eurocup-3 anuncia calendario para 2025","datePublished":"2024-11-18T16:06:30+00:00","dateModified":"2025-05-12T10:23:41+00:00","mainEntityOfPage":{"@id":"https:\/\/eurocup3.org\/es\/article\/eurocup-3-anuncia-calendario-para-2025\/"},"wordCount":511,"publisher":{"@id":"https:\/\/eurocup3.org\/es\/#organization"},"image":{"@id":"https:\/\/eurocup3.org\/es\/article\/eurocup-3-anuncia-calendario-para-2025\/#primaryimage"},"thumbnailUrl":"https:\/\/eurocup3.org\/wp-content\/uploads\/sites\/4\/2024\/11\/2025-calendar-announce.jpg","keywords":["Assen","Autodromo do Algarve","calendario","Circuit de Barcelona-Catalunya","circuito de jerez - angel nieto","Eurocup3","Monza","paul ricard","red bull ring","Spa-Francorchamps"],"inLanguage":"es"},{"@type":"WebPage","@id":"https:\/\/eurocup3.org\/es\/article\/eurocup-3-anuncia-calendario-para-2025\/","url":"https:\/\/eurocup3.org\/es\/article\/eurocup-3-anuncia-calendario-para-2025\/","name":"Eurocup-3 anuncia calendario para 2025 - Eurocup-3","isPartOf":{"@id":"https:\/\/eurocup3.org\/es\/#website"},"primaryImageOfPage":{"@id":"https:\/\/eurocup3.org\/es\/article\/eurocup-3-anuncia-calendario-para-2025\/#primaryimage"},"image":{"@id":"https:\/\/eurocup3.org\/es\/article\/eurocup-3-anuncia-calendario-para-2025\/#primaryimage"},"thumbnailUrl":"https:\/\/eurocup3.org\/wp-content\/uploads\/sites\/4\/2024\/11\/2025-calendar-announce.jpg","datePublished":"2024-11-18T16:06:30+00:00","dateModified":"2025-05-12T10:23:41+00:00","description":"Eurocup-3 anuncia calendario para 2025 -","breadcrumb":{"@id":"https:\/\/eurocup3.org\/es\/article\/eurocup-3-anuncia-calendario-para-2025\/#breadcrumb"},"inLanguage":"es","potentialAction":[{"@type":"ReadAction","target":["https:\/\/eurocup3.org\/es\/article\/eurocup-3-anuncia-calendario-para-2025\/"]}]},{"@type":"ImageObject","inLanguage":"es","@id":"https:\/\/eurocup3.org\/es\/article\/eurocup-3-anuncia-calendario-para-2025\/#primaryimage","url":"https:\/\/eurocup3.org\/wp-content\/uploads\/sites\/4\/2024\/11\/2025-calendar-announce.jpg","contentUrl":"https:\/\/eurocup3.org\/wp-content\/uploads\/sites\/4\/2024\/11\/2025-calendar-announce.jpg","width":1200,"height":675,"caption":"2025-calendar-announce"},{"@type":"BreadcrumbList","@id":"https:\/\/eurocup3.org\/es\/article\/eurocup-3-anuncia-calendario-para-2025\/#breadcrumb","itemListElement":[{"@type":"ListItem","position":1,"name":"Home","item":"https:\/\/eurocup3.org\/es\/"},{"@type":"ListItem","position":2,"name":"articles","item":"https:\/\/eurocup3.org\/es\/article\/"},{"@type":"ListItem","position":3,"name":"Eurocup-3 anuncia calendario para 2025"}]},{"@type":"WebSite","@id":"https:\/\/eurocup3.org\/es\/#website","url":"https:\/\/eurocup3.org\/es\/","name":"Eurocup-3","description":"","publisher":{"@id":"https:\/\/eurocup3.org\/es\/#organization"},"potentialAction":[{"@type":"SearchAction","target":{"@type":"EntryPoint","urlTemplate":"https:\/\/eurocup3.org\/es\/?s={search_term_string}"},"query-input":{"@type":"PropertyValueSpecification","valueRequired":true,"valueName":"search_term_string"}}],"inLanguage":"es"},{"@type":"Organization","@id":"https:\/\/eurocup3.org\/es\/#organization","name":"Eurocup-3","url":"https:\/\/eurocup3.org\/es\/","logo":{"@type":"ImageObject","inLanguage":"es","@id":"https:\/\/eurocup3.org\/es\/#\/schema\/logo\/image\/","url":"https:\/\/eurocup3.org\/wp-content\/uploads\/sites\/4\/2025\/05\/Isotipo-Eurocup-3-Color-@4x.png","contentUrl":"https:\/\/eurocup3.org\/wp-content\/uploads\/sites\/4\/2025\/05\/Isotipo-Eurocup-3-Color-@4x.png","width":2132,"height":195,"caption":"Eurocup-3"},"image":{"@id":"https:\/\/eurocup3.org\/es\/#\/schema\/logo\/image\/"}},{"@type":"Person","@id":"https:\/\/eurocup3.org\/es\/#\/schema\/person\/e7e9b3730b330993b317b2aed6f82715","name":"andres-info","image":{"@type":"ImageObject","inLanguage":"es","@id":"https:\/\/eurocup3.org\/es\/#\/schema\/person\/image\/","url":"https:\/\/secure.gravatar.com\/avatar\/1768ab309eca5f2a3e2472ac3507bedfa6d3aa4498c7d55cf428b8c5b67547b0?s=96&d=mm&r=g","contentUrl":"https:\/\/secure.gravatar.com\/avatar\/1768ab309eca5f2a3e2472ac3507bedfa6d3aa4498c7d55cf428b8c5b67547b0?s=96&d=mm&r=g","caption":"andres-info"},"url":"https:\/\/eurocup3.org\/es\/author\/andres-info\/"}]}},"_links":{"self":[{"href":"https:\/\/eurocup3.org\/es\/wp-json\/wp\/v2\/articles\/674","targetHints":{"allow":["GET"]}}],"collection":[{"href":"https:\/\/eurocup3.org\/es\/wp-json\/wp\/v2\/articles"}],"about":[{"href":"https:\/\/eurocup3.org\/es\/wp-json\/wp\/v2\/types\/article"}],"author":[{"embeddable":true,"href":"https:\/\/eurocup3.org\/es\/wp-json\/wp\/v2\/users\/12"}],"version-history":[{"count":1,"href":"https:\/\/eurocup3.org\/es\/wp-json\/wp\/v2\/articles\/674\/revisions"}],"predecessor-version":[{"id":675,"href":"https:\/\/eurocup3.org\/es\/wp-json\/wp\/v2\/articles\/674\/revisions\/675"}],"wp:featuredmedia":[{"embeddable":true,"href":"https:\/\/eurocup3.org\/es\/wp-json\/wp\/v2\/media\/389"}],"wp:attachment":[{"href":"https:\/\/eurocup3.org\/es\/wp-json\/wp\/v2\/media?parent=674"}],"wp:term":[{"taxonomy":"category","embeddable":true,"href":"https:\/\/eurocup3.org\/es\/wp-json\/wp\/v2\/categories?post=674"},{"taxonomy":"post_tag","embeddable":true,"href":"https:\/\/eurocup3.org\/es\/wp-json\/wp\/v2\/tags?post=674"}],"curies":[{"name":"wp","href":"https:\/\/api.w.org\/{rel}","templated":true}]}}