{"id":668,"date":"2024-11-12T18:21:51","date_gmt":"2024-11-12T18:21:51","guid":{"rendered":"https:\/\/epicchampionship.com\/eurocup3\/article\/fittipaldi-y-ho-brillan-en-la-final-de-temporada\/"},"modified":"2025-05-12T10:22:54","modified_gmt":"2025-05-12T10:22:54","slug":"fittipaldi-y-ho-brillan-en-la-final-de-temporada","status":"publish","type":"article","link":"https:\/\/eurocup3.org\/es\/article\/fittipaldi-y-ho-brillan-en-la-final-de-temporada\/","title":{"rendered":"Fittipaldi y Ho brillan en la final de temporada"},"content":{"rendered":"\n<p>La temporada de Eurocup-3 ha concluido, con Christian Ho coronado como Campe\u00f3n Novato y MP Motorsport obteniendo el t\u00edtulo de Campe\u00f3n por Equipos. No obstante, debido a incidentes en la ronda final en Barcelona y subsecuentes apelaciones de algunos equipos, no se puede declarar un campe\u00f3n oficial en este momento mientras el proceso de apelaci\u00f3n est\u00e1 en curso.<\/p>\n\n<p>Javier Sagrera afront\u00f3 la \u00faltima ronda con una ventaja de 28 puntos sobre Christian Ho y diez m\u00e1s sobre su compa\u00f1ero de equipo Bruno del Pino.<\/p>\n\n<p>El s\u00e1bado comenz\u00f3 con Emmo Fittipaldi dominando la primera carrera, obteniendo todos los puntos disponibles al conseguir su primera Pole Position en Eurocup-3, as\u00ed como su primera vuelta r\u00e1pida y primera victoria. <\/p>\n\n<p>El brasile\u00f1o resisti\u00f3 los desaf\u00edos de Christian Ho, quien finaliz\u00f3 segundo y recort\u00f3 la ventaja de Javier Sagrera, ya que Sagrera termin\u00f3 la carrera en sexta posici\u00f3n. <\/p>\n\n<p>El domingo, con las circunstancias claras, fue Ho quien brill\u00f3, consiguiendo la Pole, la victoria y la vuelta r\u00e1pida, haciendo todo lo necesario. Sin embargo, Sagrera, apoy\u00e1ndose en su experiencia, evit\u00f3 riesgos y cruz\u00f3 la l\u00ednea de meta nuevamente en sexta posici\u00f3n, obteniendo puntos equivalentes al quinto puesto, ya que ni Nikita Bedrin (3\u00ba) ni Mari Boya (5\u00ba) bloquearon o puntuaron, al competir por primera vez en la serie este a\u00f1o. <\/p>\n\n<p>Con estos resultados, Sagrera acumul\u00f3 250 puntos, apenas por delante de los 248 de Christian Ho. El t\u00edtulo del campeonato, no obstante, a\u00fan no es oficial, ya que hay dos apelaciones en curso respecto a los resultados de ambas carreras en Barcelona, que potencialmente podr\u00edan modificar la clasificaci\u00f3n general.<\/p>\n\n<p><\/p>\n","protected":false},"excerpt":{"rendered":"<p>La temporada de Eurocup-3 ha concluido, con Christian Ho coronado como Campe\u00f3n Novato y MP Motorsport obteniendo el t\u00edtulo de [&hellip;]<\/p>\n","protected":false},"author":12,"featured_media":393,"template":"","format":"standard","meta":{"_acf_changed":false,"r1-race-rules":"","r1cancelledevent":false,"r1completed":false,"r1onreview":false,"first_race":"%5B%5D","r2-race-rules":"","r2cancelledevent":false,"r2completed":false,"r2onreview":false,"second_race":"%5B%5D","r3-race-rules":"","r3cancelledevent":false,"r3completed":false,"r3onreview":false,"third_race":"%5B%5D","show-schedule":false,"show-day-1":false,"schedule1date":"","schedule1":"%5B%5D","show-day-2":false,"schedule2date":"","schedule2":"%5B%5D","show-day-3":false,"schedule3date":"","show-day-4":false,"schedule4date":"","schedule3":"%5B%5D","schedule4":"%5B%5D","q1-race-rules":"","q1cancelledevent":false,"q1completed":false,"q1onreview":false,"qualy1":"%5B%5D","q2-race-rules":"","q2cancelledevent":false,"q2completed":false,"q2onreview":false,"qualy2":"%5B%5D","p2cancelledevent":false,"practice-2":"%5B%5D","p1cancelledevent":false,"practice-1":"%5B%5D","drivers-list":"%5B%5D","teams-list":"%5B%5D","footnotes":""},"categories":[],"tags":[65,68,66,69,63,67,64],"class_list":["post-668","article","type-article","status-publish","format-standard","has-post-thumbnail","hentry","tag-campos-racing-es","tag-christian-ho-es","tag-circuit-de-barcelona-catalunya-es","tag-emmo-fittipaldi-es","tag-eurocup3-es","tag-javier-sagrera-es","tag-mp-motorsport-es"],"acf":[],"yoast_head":"<!-- This site is optimized with the Yoast SEO plugin v26.2 - https:\/\/yoast.com\/wordpress\/plugins\/seo\/ -->\n<title>Fittipaldi y Ho brillan en la final de temporada - Eurocup-3<\/title>\n<meta name=\"description\" content=\"Fittipaldi y Ho brillan en la final de temporada -\" \/>\n<meta name=\"robots\" content=\"index, follow, max-snippet:-1, max-image-preview:large, max-video-preview:-1\" \/>\n<link rel=\"canonical\" href=\"https:\/\/eurocup3.org\/es\/article\/fittipaldi-y-ho-brillan-en-la-final-de-temporada\/\" \/>\n<meta property=\"og:locale\" content=\"es_ES\" \/>\n<meta property=\"og:type\" content=\"article\" \/>\n<meta property=\"og:title\" content=\"Fittipaldi y Ho brillan en la final de temporada - Eurocup-3\" \/>\n<meta property=\"og:description\" content=\"Fittipaldi y Ho brillan en la final de temporada -\" \/>\n<meta property=\"og:url\" content=\"https:\/\/eurocup3.org\/es\/article\/fittipaldi-y-ho-brillan-en-la-final-de-temporada\/\" \/>\n<meta property=\"og:site_name\" content=\"Eurocup-3\" \/>\n<meta property=\"article:modified_time\" content=\"2025-05-12T10:22:54+00:00\" \/>\n<meta property=\"og:image\" content=\"https:\/\/eurocup3.org\/wp-content\/uploads\/sites\/4\/2024\/11\/fittipaldi-ho-shine-in-season-finale.jpg\" \/>\n\t<meta property=\"og:image:width\" content=\"2560\" \/>\n\t<meta property=\"og:image:height\" content=\"1707\" \/>\n\t<meta property=\"og:image:type\" content=\"image\/jpeg\" \/>\n<meta name=\"twitter:card\" content=\"summary_large_image\" \/>\n<meta name=\"twitter:label1\" content=\"Tiempo de lectura\" \/>\n\t<meta name=\"twitter:data1\" content=\"1 minuto\" \/>\n<script type=\"application\/ld+json\" class=\"yoast-schema-graph\">{\"@context\":\"https:\/\/schema.org\",\"@graph\":[{\"@type\":\"NewsArticle\",\"@id\":\"https:\/\/eurocup3.org\/es\/article\/fittipaldi-y-ho-brillan-en-la-final-de-temporada\/#article\",\"isPartOf\":{\"@id\":\"https:\/\/eurocup3.org\/es\/article\/fittipaldi-y-ho-brillan-en-la-final-de-temporada\/\"},\"author\":{\"name\":\"andres-info\",\"@id\":\"https:\/\/eurocup3.org\/es\/#\/schema\/person\/e7e9b3730b330993b317b2aed6f82715\"},\"headline\":\"Fittipaldi y Ho brillan en la final de temporada\",\"datePublished\":\"2024-11-12T18:21:51+00:00\",\"dateModified\":\"2025-05-12T10:22:54+00:00\",\"mainEntityOfPage\":{\"@id\":\"https:\/\/eurocup3.org\/es\/article\/fittipaldi-y-ho-brillan-en-la-final-de-temporada\/\"},\"wordCount\":288,\"publisher\":{\"@id\":\"https:\/\/eurocup3.org\/es\/#organization\"},\"image\":{\"@id\":\"https:\/\/eurocup3.org\/es\/article\/fittipaldi-y-ho-brillan-en-la-final-de-temporada\/#primaryimage\"},\"thumbnailUrl\":\"https:\/\/eurocup3.org\/wp-content\/uploads\/sites\/4\/2024\/11\/fittipaldi-ho-shine-in-season-finale.jpg\",\"keywords\":[\"Campos Racing\",\"Christian Ho\",\"Circuit de Barcelona-Catalunya\",\"Emmo Fittipaldi\",\"Eurocup3\",\"Javier Sagrera\",\"MP Motorsport\"],\"inLanguage\":\"es\"},{\"@type\":\"WebPage\",\"@id\":\"https:\/\/eurocup3.org\/es\/article\/fittipaldi-y-ho-brillan-en-la-final-de-temporada\/\",\"url\":\"https:\/\/eurocup3.org\/es\/article\/fittipaldi-y-ho-brillan-en-la-final-de-temporada\/\",\"name\":\"Fittipaldi y Ho brillan en la final de temporada - Eurocup-3\",\"isPartOf\":{\"@id\":\"https:\/\/eurocup3.org\/es\/#website\"},\"primaryImageOfPage\":{\"@id\":\"https:\/\/eurocup3.org\/es\/article\/fittipaldi-y-ho-brillan-en-la-final-de-temporada\/#primaryimage\"},\"image\":{\"@id\":\"https:\/\/eurocup3.org\/es\/article\/fittipaldi-y-ho-brillan-en-la-final-de-temporada\/#primaryimage\"},\"thumbnailUrl\":\"https:\/\/eurocup3.org\/wp-content\/uploads\/sites\/4\/2024\/11\/fittipaldi-ho-shine-in-season-finale.jpg\",\"datePublished\":\"2024-11-12T18:21:51+00:00\",\"dateModified\":\"2025-05-12T10:22:54+00:00\",\"description\":\"Fittipaldi y Ho brillan en la final de temporada -\",\"breadcrumb\":{\"@id\":\"https:\/\/eurocup3.org\/es\/article\/fittipaldi-y-ho-brillan-en-la-final-de-temporada\/#breadcrumb\"},\"inLanguage\":\"es\",\"potentialAction\":[{\"@type\":\"ReadAction\",\"target\":[\"https:\/\/eurocup3.org\/es\/article\/fittipaldi-y-ho-brillan-en-la-final-de-temporada\/\"]}]},{\"@type\":\"ImageObject\",\"inLanguage\":\"es\",\"@id\":\"https:\/\/eurocup3.org\/es\/article\/fittipaldi-y-ho-brillan-en-la-final-de-temporada\/#primaryimage\",\"url\":\"https:\/\/eurocup3.org\/wp-content\/uploads\/sites\/4\/2024\/11\/fittipaldi-ho-shine-in-season-finale.jpg\",\"contentUrl\":\"https:\/\/eurocup3.org\/wp-content\/uploads\/sites\/4\/2024\/11\/fittipaldi-ho-shine-in-season-finale.jpg\",\"width\":2560,\"height\":1707,\"caption\":\"fittipaldi-ho-shine-in-season-finale\"},{\"@type\":\"BreadcrumbList\",\"@id\":\"https:\/\/eurocup3.org\/es\/article\/fittipaldi-y-ho-brillan-en-la-final-de-temporada\/#breadcrumb\",\"itemListElement\":[{\"@type\":\"ListItem\",\"position\":1,\"name\":\"Home\",\"item\":\"https:\/\/eurocup3.org\/es\/\"},{\"@type\":\"ListItem\",\"position\":2,\"name\":\"articles\",\"item\":\"https:\/\/eurocup3.org\/es\/article\/\"},{\"@type\":\"ListItem\",\"position\":3,\"name\":\"Fittipaldi y Ho brillan en la final de temporada\"}]},{\"@type\":\"WebSite\",\"@id\":\"https:\/\/eurocup3.org\/es\/#website\",\"url\":\"https:\/\/eurocup3.org\/es\/\",\"name\":\"Eurocup-3\",\"description\":\"\",\"publisher\":{\"@id\":\"https:\/\/eurocup3.org\/es\/#organization\"},\"potentialAction\":[{\"@type\":\"SearchAction\",\"target\":{\"@type\":\"EntryPoint\",\"urlTemplate\":\"https:\/\/eurocup3.org\/es\/?s={search_term_string}\"},\"query-input\":{\"@type\":\"PropertyValueSpecification\",\"valueRequired\":true,\"valueName\":\"search_term_string\"}}],\"inLanguage\":\"es\"},{\"@type\":\"Organization\",\"@id\":\"https:\/\/eurocup3.org\/es\/#organization\",\"name\":\"Eurocup-3\",\"url\":\"https:\/\/eurocup3.org\/es\/\",\"logo\":{\"@type\":\"ImageObject\",\"inLanguage\":\"es\",\"@id\":\"https:\/\/eurocup3.org\/es\/#\/schema\/logo\/image\/\",\"url\":\"https:\/\/eurocup3.org\/wp-content\/uploads\/sites\/4\/2025\/05\/Isotipo-Eurocup-3-Color-@4x.png\",\"contentUrl\":\"https:\/\/eurocup3.org\/wp-content\/uploads\/sites\/4\/2025\/05\/Isotipo-Eurocup-3-Color-@4x.png\",\"width\":2132,\"height\":195,\"caption\":\"Eurocup-3\"},\"image\":{\"@id\":\"https:\/\/eurocup3.org\/es\/#\/schema\/logo\/image\/\"}},{\"@type\":\"Person\",\"@id\":\"https:\/\/eurocup3.org\/es\/#\/schema\/person\/e7e9b3730b330993b317b2aed6f82715\",\"name\":\"andres-info\",\"image\":{\"@type\":\"ImageObject\",\"inLanguage\":\"es\",\"@id\":\"https:\/\/eurocup3.org\/es\/#\/schema\/person\/image\/\",\"url\":\"https:\/\/secure.gravatar.com\/avatar\/1768ab309eca5f2a3e2472ac3507bedfa6d3aa4498c7d55cf428b8c5b67547b0?s=96&d=mm&r=g\",\"contentUrl\":\"https:\/\/secure.gravatar.com\/avatar\/1768ab309eca5f2a3e2472ac3507bedfa6d3aa4498c7d55cf428b8c5b67547b0?s=96&d=mm&r=g\",\"caption\":\"andres-info\"},\"url\":\"https:\/\/eurocup3.org\/es\/author\/andres-info\/\"}]}<\/script>\n<!-- \/ Yoast SEO plugin. -->","yoast_head_json":{"title":"Fittipaldi y Ho brillan en la final de temporada - Eurocup-3","description":"Fittipaldi y Ho brillan en la final de temporada -","robots":{"index":"index","follow":"follow","max-snippet":"max-snippet:-1","max-image-preview":"max-image-preview:large","max-video-preview":"max-video-preview:-1"},"canonical":"https:\/\/eurocup3.org\/es\/article\/fittipaldi-y-ho-brillan-en-la-final-de-temporada\/","og_locale":"es_ES","og_type":"article","og_title":"Fittipaldi y Ho brillan en la final de temporada - Eurocup-3","og_description":"Fittipaldi y Ho brillan en la final de temporada -","og_url":"https:\/\/eurocup3.org\/es\/article\/fittipaldi-y-ho-brillan-en-la-final-de-temporada\/","og_site_name":"Eurocup-3","article_modified_time":"2025-05-12T10:22:54+00:00","og_image":[{"width":2560,"height":1707,"url":"https:\/\/eurocup3.org\/wp-content\/uploads\/sites\/4\/2024\/11\/fittipaldi-ho-shine-in-season-finale.jpg","type":"image\/jpeg"}],"twitter_card":"summary_large_image","twitter_misc":{"Tiempo de lectura":"1 minuto"},"schema":{"@context":"https:\/\/schema.org","@graph":[{"@type":"NewsArticle","@id":"https:\/\/eurocup3.org\/es\/article\/fittipaldi-y-ho-brillan-en-la-final-de-temporada\/#article","isPartOf":{"@id":"https:\/\/eurocup3.org\/es\/article\/fittipaldi-y-ho-brillan-en-la-final-de-temporada\/"},"author":{"name":"andres-info","@id":"https:\/\/eurocup3.org\/es\/#\/schema\/person\/e7e9b3730b330993b317b2aed6f82715"},"headline":"Fittipaldi y Ho brillan en la final de temporada","datePublished":"2024-11-12T18:21:51+00:00","dateModified":"2025-05-12T10:22:54+00:00","mainEntityOfPage":{"@id":"https:\/\/eurocup3.org\/es\/article\/fittipaldi-y-ho-brillan-en-la-final-de-temporada\/"},"wordCount":288,"publisher":{"@id":"https:\/\/eurocup3.org\/es\/#organization"},"image":{"@id":"https:\/\/eurocup3.org\/es\/article\/fittipaldi-y-ho-brillan-en-la-final-de-temporada\/#primaryimage"},"thumbnailUrl":"https:\/\/eurocup3.org\/wp-content\/uploads\/sites\/4\/2024\/11\/fittipaldi-ho-shine-in-season-finale.jpg","keywords":["Campos Racing","Christian Ho","Circuit de Barcelona-Catalunya","Emmo Fittipaldi","Eurocup3","Javier Sagrera","MP Motorsport"],"inLanguage":"es"},{"@type":"WebPage","@id":"https:\/\/eurocup3.org\/es\/article\/fittipaldi-y-ho-brillan-en-la-final-de-temporada\/","url":"https:\/\/eurocup3.org\/es\/article\/fittipaldi-y-ho-brillan-en-la-final-de-temporada\/","name":"Fittipaldi y Ho brillan en la final de temporada - Eurocup-3","isPartOf":{"@id":"https:\/\/eurocup3.org\/es\/#website"},"primaryImageOfPage":{"@id":"https:\/\/eurocup3.org\/es\/article\/fittipaldi-y-ho-brillan-en-la-final-de-temporada\/#primaryimage"},"image":{"@id":"https:\/\/eurocup3.org\/es\/article\/fittipaldi-y-ho-brillan-en-la-final-de-temporada\/#primaryimage"},"thumbnailUrl":"https:\/\/eurocup3.org\/wp-content\/uploads\/sites\/4\/2024\/11\/fittipaldi-ho-shine-in-season-finale.jpg","datePublished":"2024-11-12T18:21:51+00:00","dateModified":"2025-05-12T10:22:54+00:00","description":"Fittipaldi y Ho brillan en la final de temporada -","breadcrumb":{"@id":"https:\/\/eurocup3.org\/es\/article\/fittipaldi-y-ho-brillan-en-la-final-de-temporada\/#breadcrumb"},"inLanguage":"es","potentialAction":[{"@type":"ReadAction","target":["https:\/\/eurocup3.org\/es\/article\/fittipaldi-y-ho-brillan-en-la-final-de-temporada\/"]}]},{"@type":"ImageObject","inLanguage":"es","@id":"https:\/\/eurocup3.org\/es\/article\/fittipaldi-y-ho-brillan-en-la-final-de-temporada\/#primaryimage","url":"https:\/\/eurocup3.org\/wp-content\/uploads\/sites\/4\/2024\/11\/fittipaldi-ho-shine-in-season-finale.jpg","contentUrl":"https:\/\/eurocup3.org\/wp-content\/uploads\/sites\/4\/2024\/11\/fittipaldi-ho-shine-in-season-finale.jpg","width":2560,"height":1707,"caption":"fittipaldi-ho-shine-in-season-finale"},{"@type":"BreadcrumbList","@id":"https:\/\/eurocup3.org\/es\/article\/fittipaldi-y-ho-brillan-en-la-final-de-temporada\/#breadcrumb","itemListElement":[{"@type":"ListItem","position":1,"name":"Home","item":"https:\/\/eurocup3.org\/es\/"},{"@type":"ListItem","position":2,"name":"articles","item":"https:\/\/eurocup3.org\/es\/article\/"},{"@type":"ListItem","position":3,"name":"Fittipaldi y Ho brillan en la final de temporada"}]},{"@type":"WebSite","@id":"https:\/\/eurocup3.org\/es\/#website","url":"https:\/\/eurocup3.org\/es\/","name":"Eurocup-3","description":"","publisher":{"@id":"https:\/\/eurocup3.org\/es\/#organization"},"potentialAction":[{"@type":"SearchAction","target":{"@type":"EntryPoint","urlTemplate":"https:\/\/eurocup3.org\/es\/?s={search_term_string}"},"query-input":{"@type":"PropertyValueSpecification","valueRequired":true,"valueName":"search_term_string"}}],"inLanguage":"es"},{"@type":"Organization","@id":"https:\/\/eurocup3.org\/es\/#organization","name":"Eurocup-3","url":"https:\/\/eurocup3.org\/es\/","logo":{"@type":"ImageObject","inLanguage":"es","@id":"https:\/\/eurocup3.org\/es\/#\/schema\/logo\/image\/","url":"https:\/\/eurocup3.org\/wp-content\/uploads\/sites\/4\/2025\/05\/Isotipo-Eurocup-3-Color-@4x.png","contentUrl":"https:\/\/eurocup3.org\/wp-content\/uploads\/sites\/4\/2025\/05\/Isotipo-Eurocup-3-Color-@4x.png","width":2132,"height":195,"caption":"Eurocup-3"},"image":{"@id":"https:\/\/eurocup3.org\/es\/#\/schema\/logo\/image\/"}},{"@type":"Person","@id":"https:\/\/eurocup3.org\/es\/#\/schema\/person\/e7e9b3730b330993b317b2aed6f82715","name":"andres-info","image":{"@type":"ImageObject","inLanguage":"es","@id":"https:\/\/eurocup3.org\/es\/#\/schema\/person\/image\/","url":"https:\/\/secure.gravatar.com\/avatar\/1768ab309eca5f2a3e2472ac3507bedfa6d3aa4498c7d55cf428b8c5b67547b0?s=96&d=mm&r=g","contentUrl":"https:\/\/secure.gravatar.com\/avatar\/1768ab309eca5f2a3e2472ac3507bedfa6d3aa4498c7d55cf428b8c5b67547b0?s=96&d=mm&r=g","caption":"andres-info"},"url":"https:\/\/eurocup3.org\/es\/author\/andres-info\/"}]}},"_links":{"self":[{"href":"https:\/\/eurocup3.org\/es\/wp-json\/wp\/v2\/articles\/668","targetHints":{"allow":["GET"]}}],"collection":[{"href":"https:\/\/eurocup3.org\/es\/wp-json\/wp\/v2\/articles"}],"about":[{"href":"https:\/\/eurocup3.org\/es\/wp-json\/wp\/v2\/types\/article"}],"author":[{"embeddable":true,"href":"https:\/\/eurocup3.org\/es\/wp-json\/wp\/v2\/users\/12"}],"version-history":[{"count":1,"href":"https:\/\/eurocup3.org\/es\/wp-json\/wp\/v2\/articles\/668\/revisions"}],"predecessor-version":[{"id":669,"href":"https:\/\/eurocup3.org\/es\/wp-json\/wp\/v2\/articles\/668\/revisions\/669"}],"wp:featuredmedia":[{"embeddable":true,"href":"https:\/\/eurocup3.org\/es\/wp-json\/wp\/v2\/media\/393"}],"wp:attachment":[{"href":"https:\/\/eurocup3.org\/es\/wp-json\/wp\/v2\/media?parent=668"}],"wp:term":[{"taxonomy":"category","embeddable":true,"href":"https:\/\/eurocup3.org\/es\/wp-json\/wp\/v2\/categories?post=668"},{"taxonomy":"post_tag","embeddable":true,"href":"https:\/\/eurocup3.org\/es\/wp-json\/wp\/v2\/tags?post=668"}],"curies":[{"name":"wp","href":"https:\/\/api.w.org\/{rel}","templated":true}]}}