{"id":1829,"date":"2026-04-27T14:16:38","date_gmt":"2026-04-27T14:16:38","guid":{"rendered":"https:\/\/eurocup3.org\/?post_type=article&#038;p=1829"},"modified":"2026-04-27T14:16:38","modified_gmt":"2026-04-27T14:16:38","slug":"la-eurocup-3-arranca-la-temporada-2026-en-paul-ricard-con-parrilla-completa","status":"publish","type":"article","link":"https:\/\/eurocup3.org\/es\/article\/la-eurocup-3-arranca-la-temporada-2026-en-paul-ricard-con-parrilla-completa\/","title":{"rendered":"La Eurocup-3 arranca la temporada 2026 en Paul Ricard con parrilla completa"},"content":{"rendered":"\n<p>La temporada 2026 de la Eurocup-3 comienza este fin de semana en el ic\u00f3nico Circuito Paul Ricard, marcando el inicio de la cuarta campa\u00f1a del campeonato y el primero de los tres eventos de este a\u00f1o que se celebrar\u00e1n junto a la prestigiosa European Le Mans Series (ELMS). La cita inaugural en Le Castellet promete ser un momento clave para la categor\u00eda, con una parrilla completa de 30 coches y un campo internacional cada vez m\u00e1s competitivo listo para enfrentarse a uno de los trazados m\u00e1s t\u00e9cnicos de Europa. <\/p>\n\n<p>Tras un intenso <a href=\"https:\/\/spanishwinterchampionship.com\/\">Spanish Winter Championship <\/a>que marc\u00f3 el tono del a\u00f1o, el foco se traslada ahora a la temporada principal, donde nuevas rivalidades y narrativas est\u00e1n listas para desarrollarse en el escenario global. <\/p>\n\n<h3 class=\"wp-block-heading\">Una parrilla completa y nuevos equipos listos para el desaf\u00edo<\/h3>\n\n<p>La Eurocup-3 llega a Francia con una parrilla al m\u00e1ximo de su capacidad, con 30 monoplazas, lo que refleja el fuerte impulso del campeonato. Entre las principales novedades destaca el debut oficial en la temporada regular de cuatro equipos: Hitech Grand Prix, Double R Racing, TC Racing y Tecnicar. <\/p>\n\n<p>Los cuatro equipos ya mostraron su potencial durante el Spanish Winter Championship, acumulando una valiosa experiencia con la maquinaria de Eurocup-3. Ahora, dan el salto a la temporada principal con el objetivo de consolidarse de inmediato frente a una parrilla altamente competitiva. <br \/><br \/>En cuanto al horario, el viernes ser\u00e1 una jornada intensa con dos sesiones de Test Oficial de Pretemporada antes de las dos sesiones de clasificaci\u00f3n, que se disputar\u00e1n de forma consecutiva de 17:00 a 17:20 y de 17:25 a 17:45.<\/p>\n\n<p>El s\u00e1bado, la Carrera 1 comenzar\u00e1 a las 13:05, seguida de la Sprint Race a las 16:50, mientras que el domingo el fin de semana concluir\u00e1 con la Carrera 3, que arrancar\u00e1 a las 09:00.<\/p>\n\n<h3 class=\"wp-block-heading\">Paul Ricard: velocidad, precisi\u00f3n y oportunidades de adelantamiento<\/h3>\n\n<p>El Circuito Paul Ricard ofrece un desaf\u00edo \u00fanico y exigente tanto para pilotos como para ingenieros. El trazado completo de Gran Premio mide 5,842 km y cuenta con 15 curvas, combinando largas secciones de alta velocidad con zonas t\u00e9cnicas. <\/p>\n\n<p>Uno de los elementos m\u00e1s caracter\u00edsticos del circuito es la recta Mistral, una de las m\u00e1s largas del automovilismo europeo, que genera grandes oportunidades de adelantamiento, especialmente en las frenadas hacia la chicane o en las zonas de frenada fuerte posteriores. El dise\u00f1o del circuito exige un equilibrio delicado entre velocidad punta y eficiencia aerodin\u00e1mica, ya que gran parte de la vuelta se realiza a fondo. <\/p>\n\n<p>El \u00faltimo sector a\u00f1ade un nivel extra de complejidad, con una secuencia de curvas t\u00e9cnicas que premian la precisi\u00f3n y la tracci\u00f3n, siendo a menudo decisivas para el tiempo por vuelta y la estrategia de carrera. Los pilotos deben adaptarse r\u00e1pidamente entre zonas a fondo y combinaciones de curvas m\u00e1s complejas, lo que convierte la puesta a punto en un factor clave durante todo el fin de semana. <\/p>\n\n<p>Adem\u00e1s, las caracter\u00edsticas escapatorias y el perfil plano de Paul Ricard permiten a los pilotos rodar al l\u00edmite, favoreciendo carreras ajustadas y batallas estrat\u00e9gicas en toda la parrilla. Con el vigente campe\u00f3n de pilotos, <a href=\"https:\/\/eurocup3.org\/driver\/mattia-colnaghi\/\">Mattia Colnaghi<\/a>, dando el salto al siguiente nivel en su carrera, la temporada 2026 comienza con el foco puesto en una nueva generaci\u00f3n lista para emerger.  <\/p>\n\n<p>En Paul Ricard arranca oficialmente la lucha por coronar a los nuevos reyes de la Eurocup-3.<\/p>\n\n<h3 class=\"wp-block-heading\">Un nuevo cap\u00edtulo comienza<br \/><\/h3>\n\n<p>La ronda inaugural en Paul Ricard no solo pone en marcha la temporada de Eurocup-3, sino que tambi\u00e9n representa un paso importante en el crecimiento del campeonato, compartiendo escenario con la ELMS y reforzando su papel como plataforma clave dentro de la escalera de monoplazas.<\/p>\n\n<p>Con una parrilla completa, nuevos equipos entrando en la batalla y un circuito t\u00e9cnicamente exigente como escenario, todos los ingredientes est\u00e1n listos para un emocionante inicio de la temporada 2026 de la Eurocup-3.<br \/> <br \/> <br \/><\/p>\n","protected":false},"excerpt":{"rendered":"<p>La temporada 2026 de la Eurocup-3 comienza este fin de semana en el ic\u00f3nico Circuito Paul Ricard, marcando el inicio [&hellip;]<\/p>\n","protected":false},"author":6,"featured_media":1833,"template":"","format":"standard","meta":{"_acf_changed":false,"r1-race-rules":"","r1cancelledevent":false,"r1completed":false,"r1onreview":false,"first_race":"%5B%5D","r2-race-rules":"","r2cancelledevent":false,"r2completed":false,"r2onreview":false,"second_race":"%5B%5D","r3-race-rules":"","r3cancelledevent":false,"r3completed":false,"r3onreview":false,"third_race":"%5B%5D","show-schedule":false,"show-day-1":false,"schedule1date":"","schedule1":"%5B%5D","show-day-2":false,"schedule2date":"","schedule2":"%5B%5D","show-day-3":false,"schedule3date":"","show-day-4":false,"schedule4date":"","schedule3":"%5B%5D","schedule4":"%5B%5D","q1-race-rules":"","q1cancelledevent":false,"q1completed":false,"q1onreview":false,"qualy1":"%5B%5D","q2-race-rules":"","q2cancelledevent":false,"q2completed":false,"q2onreview":false,"qualy2":"%5B%5D","p2cancelledevent":false,"practice-2":"%5B%5D","p1cancelledevent":false,"practice-1":"%5B%5D","drivers-list":"%5B%5D","teams-list":"%5B%5D","footnotes":""},"categories":[],"tags":[63,100,75,92],"class_list":["post-1829","article","type-article","status-publish","format-standard","has-post-thumbnail","hentry","tag-eurocup3-es","tag-mattia-colnaghi-es","tag-paul-ricard-es","tag-spanish-winter-championship-es"],"acf":[],"yoast_head":"<!-- This site is optimized with the Yoast SEO plugin v26.2 - https:\/\/yoast.com\/wordpress\/plugins\/seo\/ -->\n<title>Apertura de la temporada 2026 de Eurocup-3 en el Circuit Paul Ricard<\/title>\n<meta name=\"description\" content=\"La temporada 2026 de la Eurocup-3 comienza en el Circuit Paul Ricard con una parrilla completa de 30 coches, nuevos equipos y un campo internacional altamente competitivo junto a la European Le Mans Series.\" \/>\n<meta name=\"robots\" content=\"index, follow, max-snippet:-1, max-image-preview:large, max-video-preview:-1\" \/>\n<link rel=\"canonical\" href=\"https:\/\/eurocup3.org\/es\/article\/la-eurocup-3-arranca-la-temporada-2026-en-paul-ricard-con-parrilla-completa\/\" \/>\n<meta property=\"og:locale\" content=\"es_ES\" \/>\n<meta property=\"og:type\" content=\"article\" \/>\n<meta property=\"og:title\" content=\"Apertura de la temporada 2026 de Eurocup-3 en el Circuit Paul Ricard\" \/>\n<meta property=\"og:description\" content=\"La temporada 2026 de la Eurocup-3 comienza en el Circuit Paul Ricard con una parrilla completa de 30 coches, nuevos equipos y un campo internacional altamente competitivo junto a la European Le Mans Series.\" \/>\n<meta property=\"og:url\" content=\"https:\/\/eurocup3.org\/es\/article\/la-eurocup-3-arranca-la-temporada-2026-en-paul-ricard-con-parrilla-completa\/\" \/>\n<meta property=\"og:site_name\" content=\"Eurocup-3\" \/>\n<meta property=\"og:image\" content=\"https:\/\/eurocup3.org\/wp-content\/uploads\/sites\/4\/2026\/04\/285A8967-Mejorado-NR-1-scaled.jpg\" \/>\n\t<meta property=\"og:image:width\" content=\"2560\" \/>\n\t<meta property=\"og:image:height\" content=\"1707\" \/>\n\t<meta property=\"og:image:type\" content=\"image\/jpeg\" \/>\n<meta name=\"twitter:card\" content=\"summary_large_image\" \/>\n<meta name=\"twitter:label1\" content=\"Tiempo de lectura\" \/>\n\t<meta name=\"twitter:data1\" content=\"3 minutos\" \/>\n<script type=\"application\/ld+json\" class=\"yoast-schema-graph\">{\"@context\":\"https:\/\/schema.org\",\"@graph\":[{\"@type\":\"NewsArticle\",\"@id\":\"https:\/\/eurocup3.org\/es\/article\/la-eurocup-3-arranca-la-temporada-2026-en-paul-ricard-con-parrilla-completa\/#article\",\"isPartOf\":{\"@id\":\"https:\/\/eurocup3.org\/es\/article\/la-eurocup-3-arranca-la-temporada-2026-en-paul-ricard-con-parrilla-completa\/\"},\"author\":{\"name\":\"andres\",\"@id\":\"https:\/\/eurocup3.org\/es\/#\/schema\/person\/2a034cbef760611ae42a0ac93d83cdc9\"},\"headline\":\"La Eurocup-3 arranca la temporada 2026 en Paul Ricard con parrilla completa\",\"datePublished\":\"2026-04-27T14:16:38+00:00\",\"mainEntityOfPage\":{\"@id\":\"https:\/\/eurocup3.org\/es\/article\/la-eurocup-3-arranca-la-temporada-2026-en-paul-ricard-con-parrilla-completa\/\"},\"wordCount\":672,\"publisher\":{\"@id\":\"https:\/\/eurocup3.org\/es\/#organization\"},\"image\":{\"@id\":\"https:\/\/eurocup3.org\/es\/article\/la-eurocup-3-arranca-la-temporada-2026-en-paul-ricard-con-parrilla-completa\/#primaryimage\"},\"thumbnailUrl\":\"https:\/\/eurocup3.org\/wp-content\/uploads\/sites\/4\/2026\/04\/285A8967-Mejorado-NR-1-scaled.jpg\",\"keywords\":[\"Eurocup3\",\"Mattia Colnaghi\",\"paul ricard\",\"Spanish Winter Championship\"],\"inLanguage\":\"es\"},{\"@type\":\"WebPage\",\"@id\":\"https:\/\/eurocup3.org\/es\/article\/la-eurocup-3-arranca-la-temporada-2026-en-paul-ricard-con-parrilla-completa\/\",\"url\":\"https:\/\/eurocup3.org\/es\/article\/la-eurocup-3-arranca-la-temporada-2026-en-paul-ricard-con-parrilla-completa\/\",\"name\":\"Apertura de la temporada 2026 de Eurocup-3 en el Circuit Paul Ricard\",\"isPartOf\":{\"@id\":\"https:\/\/eurocup3.org\/es\/#website\"},\"primaryImageOfPage\":{\"@id\":\"https:\/\/eurocup3.org\/es\/article\/la-eurocup-3-arranca-la-temporada-2026-en-paul-ricard-con-parrilla-completa\/#primaryimage\"},\"image\":{\"@id\":\"https:\/\/eurocup3.org\/es\/article\/la-eurocup-3-arranca-la-temporada-2026-en-paul-ricard-con-parrilla-completa\/#primaryimage\"},\"thumbnailUrl\":\"https:\/\/eurocup3.org\/wp-content\/uploads\/sites\/4\/2026\/04\/285A8967-Mejorado-NR-1-scaled.jpg\",\"datePublished\":\"2026-04-27T14:16:38+00:00\",\"description\":\"La temporada 2026 de la Eurocup-3 comienza en el Circuit Paul Ricard con una parrilla completa de 30 coches, nuevos equipos y un campo internacional altamente competitivo junto a la European Le Mans Series.\",\"breadcrumb\":{\"@id\":\"https:\/\/eurocup3.org\/es\/article\/la-eurocup-3-arranca-la-temporada-2026-en-paul-ricard-con-parrilla-completa\/#breadcrumb\"},\"inLanguage\":\"es\",\"potentialAction\":[{\"@type\":\"ReadAction\",\"target\":[\"https:\/\/eurocup3.org\/es\/article\/la-eurocup-3-arranca-la-temporada-2026-en-paul-ricard-con-parrilla-completa\/\"]}]},{\"@type\":\"ImageObject\",\"inLanguage\":\"es\",\"@id\":\"https:\/\/eurocup3.org\/es\/article\/la-eurocup-3-arranca-la-temporada-2026-en-paul-ricard-con-parrilla-completa\/#primaryimage\",\"url\":\"https:\/\/eurocup3.org\/wp-content\/uploads\/sites\/4\/2026\/04\/285A8967-Mejorado-NR-1-scaled.jpg\",\"contentUrl\":\"https:\/\/eurocup3.org\/wp-content\/uploads\/sites\/4\/2026\/04\/285A8967-Mejorado-NR-1-scaled.jpg\",\"width\":2560,\"height\":1707},{\"@type\":\"BreadcrumbList\",\"@id\":\"https:\/\/eurocup3.org\/es\/article\/la-eurocup-3-arranca-la-temporada-2026-en-paul-ricard-con-parrilla-completa\/#breadcrumb\",\"itemListElement\":[{\"@type\":\"ListItem\",\"position\":1,\"name\":\"Home\",\"item\":\"https:\/\/eurocup3.org\/es\/\"},{\"@type\":\"ListItem\",\"position\":2,\"name\":\"articles\",\"item\":\"https:\/\/eurocup3.org\/es\/article\/\"},{\"@type\":\"ListItem\",\"position\":3,\"name\":\"La Eurocup-3 arranca la temporada 2026 en Paul Ricard con parrilla completa\"}]},{\"@type\":\"WebSite\",\"@id\":\"https:\/\/eurocup3.org\/es\/#website\",\"url\":\"https:\/\/eurocup3.org\/es\/\",\"name\":\"Eurocup-3\",\"description\":\"\",\"publisher\":{\"@id\":\"https:\/\/eurocup3.org\/es\/#organization\"},\"potentialAction\":[{\"@type\":\"SearchAction\",\"target\":{\"@type\":\"EntryPoint\",\"urlTemplate\":\"https:\/\/eurocup3.org\/es\/?s={search_term_string}\"},\"query-input\":{\"@type\":\"PropertyValueSpecification\",\"valueRequired\":true,\"valueName\":\"search_term_string\"}}],\"inLanguage\":\"es\"},{\"@type\":\"Organization\",\"@id\":\"https:\/\/eurocup3.org\/es\/#organization\",\"name\":\"Eurocup-3\",\"url\":\"https:\/\/eurocup3.org\/es\/\",\"logo\":{\"@type\":\"ImageObject\",\"inLanguage\":\"es\",\"@id\":\"https:\/\/eurocup3.org\/es\/#\/schema\/logo\/image\/\",\"url\":\"https:\/\/eurocup3.org\/wp-content\/uploads\/sites\/4\/2025\/05\/Isotipo-Eurocup-3-Color-@4x.png\",\"contentUrl\":\"https:\/\/eurocup3.org\/wp-content\/uploads\/sites\/4\/2025\/05\/Isotipo-Eurocup-3-Color-@4x.png\",\"width\":2132,\"height\":195,\"caption\":\"Eurocup-3\"},\"image\":{\"@id\":\"https:\/\/eurocup3.org\/es\/#\/schema\/logo\/image\/\"}},{\"@type\":\"Person\",\"@id\":\"https:\/\/eurocup3.org\/es\/#\/schema\/person\/2a034cbef760611ae42a0ac93d83cdc9\",\"name\":\"andres\",\"image\":{\"@type\":\"ImageObject\",\"inLanguage\":\"es\",\"@id\":\"https:\/\/eurocup3.org\/es\/#\/schema\/person\/image\/\",\"url\":\"https:\/\/secure.gravatar.com\/avatar\/f42c3c635964e2add4261a0c66f1d08f456c82fe08df121e963e7c57069a6468?s=96&d=mm&r=g\",\"contentUrl\":\"https:\/\/secure.gravatar.com\/avatar\/f42c3c635964e2add4261a0c66f1d08f456c82fe08df121e963e7c57069a6468?s=96&d=mm&r=g\",\"caption\":\"andres\"},\"url\":\"https:\/\/eurocup3.org\/es\/author\/andres\/\"}]}<\/script>\n<!-- \/ Yoast SEO plugin. -->","yoast_head_json":{"title":"Apertura de la temporada 2026 de Eurocup-3 en el Circuit Paul Ricard","description":"La temporada 2026 de la Eurocup-3 comienza en el Circuit Paul Ricard con una parrilla completa de 30 coches, nuevos equipos y un campo internacional altamente competitivo junto a la European Le Mans Series.","robots":{"index":"index","follow":"follow","max-snippet":"max-snippet:-1","max-image-preview":"max-image-preview:large","max-video-preview":"max-video-preview:-1"},"canonical":"https:\/\/eurocup3.org\/es\/article\/la-eurocup-3-arranca-la-temporada-2026-en-paul-ricard-con-parrilla-completa\/","og_locale":"es_ES","og_type":"article","og_title":"Apertura de la temporada 2026 de Eurocup-3 en el Circuit Paul Ricard","og_description":"La temporada 2026 de la Eurocup-3 comienza en el Circuit Paul Ricard con una parrilla completa de 30 coches, nuevos equipos y un campo internacional altamente competitivo junto a la European Le Mans Series.","og_url":"https:\/\/eurocup3.org\/es\/article\/la-eurocup-3-arranca-la-temporada-2026-en-paul-ricard-con-parrilla-completa\/","og_site_name":"Eurocup-3","og_image":[{"width":2560,"height":1707,"url":"https:\/\/eurocup3.org\/wp-content\/uploads\/sites\/4\/2026\/04\/285A8967-Mejorado-NR-1-scaled.jpg","type":"image\/jpeg"}],"twitter_card":"summary_large_image","twitter_misc":{"Tiempo de lectura":"3 minutos"},"schema":{"@context":"https:\/\/schema.org","@graph":[{"@type":"NewsArticle","@id":"https:\/\/eurocup3.org\/es\/article\/la-eurocup-3-arranca-la-temporada-2026-en-paul-ricard-con-parrilla-completa\/#article","isPartOf":{"@id":"https:\/\/eurocup3.org\/es\/article\/la-eurocup-3-arranca-la-temporada-2026-en-paul-ricard-con-parrilla-completa\/"},"author":{"name":"andres","@id":"https:\/\/eurocup3.org\/es\/#\/schema\/person\/2a034cbef760611ae42a0ac93d83cdc9"},"headline":"La Eurocup-3 arranca la temporada 2026 en Paul Ricard con parrilla completa","datePublished":"2026-04-27T14:16:38+00:00","mainEntityOfPage":{"@id":"https:\/\/eurocup3.org\/es\/article\/la-eurocup-3-arranca-la-temporada-2026-en-paul-ricard-con-parrilla-completa\/"},"wordCount":672,"publisher":{"@id":"https:\/\/eurocup3.org\/es\/#organization"},"image":{"@id":"https:\/\/eurocup3.org\/es\/article\/la-eurocup-3-arranca-la-temporada-2026-en-paul-ricard-con-parrilla-completa\/#primaryimage"},"thumbnailUrl":"https:\/\/eurocup3.org\/wp-content\/uploads\/sites\/4\/2026\/04\/285A8967-Mejorado-NR-1-scaled.jpg","keywords":["Eurocup3","Mattia Colnaghi","paul ricard","Spanish Winter Championship"],"inLanguage":"es"},{"@type":"WebPage","@id":"https:\/\/eurocup3.org\/es\/article\/la-eurocup-3-arranca-la-temporada-2026-en-paul-ricard-con-parrilla-completa\/","url":"https:\/\/eurocup3.org\/es\/article\/la-eurocup-3-arranca-la-temporada-2026-en-paul-ricard-con-parrilla-completa\/","name":"Apertura de la temporada 2026 de Eurocup-3 en el Circuit Paul Ricard","isPartOf":{"@id":"https:\/\/eurocup3.org\/es\/#website"},"primaryImageOfPage":{"@id":"https:\/\/eurocup3.org\/es\/article\/la-eurocup-3-arranca-la-temporada-2026-en-paul-ricard-con-parrilla-completa\/#primaryimage"},"image":{"@id":"https:\/\/eurocup3.org\/es\/article\/la-eurocup-3-arranca-la-temporada-2026-en-paul-ricard-con-parrilla-completa\/#primaryimage"},"thumbnailUrl":"https:\/\/eurocup3.org\/wp-content\/uploads\/sites\/4\/2026\/04\/285A8967-Mejorado-NR-1-scaled.jpg","datePublished":"2026-04-27T14:16:38+00:00","description":"La temporada 2026 de la Eurocup-3 comienza en el Circuit Paul Ricard con una parrilla completa de 30 coches, nuevos equipos y un campo internacional altamente competitivo junto a la European Le Mans Series.","breadcrumb":{"@id":"https:\/\/eurocup3.org\/es\/article\/la-eurocup-3-arranca-la-temporada-2026-en-paul-ricard-con-parrilla-completa\/#breadcrumb"},"inLanguage":"es","potentialAction":[{"@type":"ReadAction","target":["https:\/\/eurocup3.org\/es\/article\/la-eurocup-3-arranca-la-temporada-2026-en-paul-ricard-con-parrilla-completa\/"]}]},{"@type":"ImageObject","inLanguage":"es","@id":"https:\/\/eurocup3.org\/es\/article\/la-eurocup-3-arranca-la-temporada-2026-en-paul-ricard-con-parrilla-completa\/#primaryimage","url":"https:\/\/eurocup3.org\/wp-content\/uploads\/sites\/4\/2026\/04\/285A8967-Mejorado-NR-1-scaled.jpg","contentUrl":"https:\/\/eurocup3.org\/wp-content\/uploads\/sites\/4\/2026\/04\/285A8967-Mejorado-NR-1-scaled.jpg","width":2560,"height":1707},{"@type":"BreadcrumbList","@id":"https:\/\/eurocup3.org\/es\/article\/la-eurocup-3-arranca-la-temporada-2026-en-paul-ricard-con-parrilla-completa\/#breadcrumb","itemListElement":[{"@type":"ListItem","position":1,"name":"Home","item":"https:\/\/eurocup3.org\/es\/"},{"@type":"ListItem","position":2,"name":"articles","item":"https:\/\/eurocup3.org\/es\/article\/"},{"@type":"ListItem","position":3,"name":"La Eurocup-3 arranca la temporada 2026 en Paul Ricard con parrilla completa"}]},{"@type":"WebSite","@id":"https:\/\/eurocup3.org\/es\/#website","url":"https:\/\/eurocup3.org\/es\/","name":"Eurocup-3","description":"","publisher":{"@id":"https:\/\/eurocup3.org\/es\/#organization"},"potentialAction":[{"@type":"SearchAction","target":{"@type":"EntryPoint","urlTemplate":"https:\/\/eurocup3.org\/es\/?s={search_term_string}"},"query-input":{"@type":"PropertyValueSpecification","valueRequired":true,"valueName":"search_term_string"}}],"inLanguage":"es"},{"@type":"Organization","@id":"https:\/\/eurocup3.org\/es\/#organization","name":"Eurocup-3","url":"https:\/\/eurocup3.org\/es\/","logo":{"@type":"ImageObject","inLanguage":"es","@id":"https:\/\/eurocup3.org\/es\/#\/schema\/logo\/image\/","url":"https:\/\/eurocup3.org\/wp-content\/uploads\/sites\/4\/2025\/05\/Isotipo-Eurocup-3-Color-@4x.png","contentUrl":"https:\/\/eurocup3.org\/wp-content\/uploads\/sites\/4\/2025\/05\/Isotipo-Eurocup-3-Color-@4x.png","width":2132,"height":195,"caption":"Eurocup-3"},"image":{"@id":"https:\/\/eurocup3.org\/es\/#\/schema\/logo\/image\/"}},{"@type":"Person","@id":"https:\/\/eurocup3.org\/es\/#\/schema\/person\/2a034cbef760611ae42a0ac93d83cdc9","name":"andres","image":{"@type":"ImageObject","inLanguage":"es","@id":"https:\/\/eurocup3.org\/es\/#\/schema\/person\/image\/","url":"https:\/\/secure.gravatar.com\/avatar\/f42c3c635964e2add4261a0c66f1d08f456c82fe08df121e963e7c57069a6468?s=96&d=mm&r=g","contentUrl":"https:\/\/secure.gravatar.com\/avatar\/f42c3c635964e2add4261a0c66f1d08f456c82fe08df121e963e7c57069a6468?s=96&d=mm&r=g","caption":"andres"},"url":"https:\/\/eurocup3.org\/es\/author\/andres\/"}]}},"_links":{"self":[{"href":"https:\/\/eurocup3.org\/es\/wp-json\/wp\/v2\/articles\/1829","targetHints":{"allow":["GET"]}}],"collection":[{"href":"https:\/\/eurocup3.org\/es\/wp-json\/wp\/v2\/articles"}],"about":[{"href":"https:\/\/eurocup3.org\/es\/wp-json\/wp\/v2\/types\/article"}],"author":[{"embeddable":true,"href":"https:\/\/eurocup3.org\/es\/wp-json\/wp\/v2\/users\/6"}],"version-history":[{"count":4,"href":"https:\/\/eurocup3.org\/es\/wp-json\/wp\/v2\/articles\/1829\/revisions"}],"predecessor-version":[{"id":1839,"href":"https:\/\/eurocup3.org\/es\/wp-json\/wp\/v2\/articles\/1829\/revisions\/1839"}],"wp:featuredmedia":[{"embeddable":true,"href":"https:\/\/eurocup3.org\/es\/wp-json\/wp\/v2\/media\/1833"}],"wp:attachment":[{"href":"https:\/\/eurocup3.org\/es\/wp-json\/wp\/v2\/media?parent=1829"}],"wp:term":[{"taxonomy":"category","embeddable":true,"href":"https:\/\/eurocup3.org\/es\/wp-json\/wp\/v2\/categories?post=1829"},{"taxonomy":"post_tag","embeddable":true,"href":"https:\/\/eurocup3.org\/es\/wp-json\/wp\/v2\/tags?post=1829"}],"curies":[{"name":"wp","href":"https:\/\/api.w.org\/{rel}","templated":true}]}}