{"id":1524,"date":"2025-09-22T14:59:26","date_gmt":"2025-09-22T14:59:26","guid":{"rendered":"https:\/\/eurocup3.org\/?post_type=article&#038;p=1524"},"modified":"2025-09-22T14:59:32","modified_gmt":"2025-09-22T14:59:32","slug":"mattia-colnaghi-coronado-campeon-de-la-eurocup-3-2025-en-jerez","status":"publish","type":"article","link":"https:\/\/eurocup3.org\/es\/article\/mattia-colnaghi-coronado-campeon-de-la-eurocup-3-2025-en-jerez\/","title":{"rendered":"Mattia Colnaghi, coronado Campe\u00f3n de la Eurocup-3 2025 en Jerez"},"content":{"rendered":"\n<p>La pen\u00faltima ronda de la temporada 2025 de Eurocup-3 en Jerez vio a Mattia Colnaghi coronarse como Campe\u00f3n de Pilotos, Campe\u00f3n de Rookie y la gran estrella de un fin de semana que tambi\u00e9n asegur\u00f3 el segundo t\u00edtulo consecutivo de equipos para MP Motorsport. El piloto italiano se asegur\u00f3 el campeonato con una ronda de antelaci\u00f3n, prolongando un ascenso mete\u00f3rico que ya le hab\u00eda llevado a ganar el F4 Spanish Championship en 2024 y ahora Eurocup-3 en su primera temporada. <\/p>\n\n<p>El fin de semana comenz\u00f3 con una victoria hist\u00f3rica para Enzo Tarnvanichkul, quien hered\u00f3 la pole position despu\u00e9s de que <a href=\"https:\/\/eurocup3.org\/driver\/kacper-sztuka\/\">Kacper Sztuka<\/a> fuera relegado en la parrilla por una penalizaci\u00f3n acumulada desde Spa. El piloto tailand\u00e9s aprovech\u00f3 al m\u00e1ximo la oportunidad, resistiendo la presi\u00f3n inicial de Colnaghi \u2014que se sali\u00f3 a la hierba en la salida\u2014 y defendiendo sin descanso de <a href=\"https:\/\/eurocup3.org\/driver\/jules-caranta\/\">Jules Caranta<\/a> hasta la bandera para sellar su primer triunfo en Eurocup-3 con Campos Racing. Detr\u00e1s de ellos, Colnaghi se conform\u00f3 con el tercer puesto y diecis\u00e9is valiosos puntos, ampliando su ventaja sobre <a href=\"https:\/\/eurocup3.org\/driver\/valerio-rinicella\/\">Valerio Rinicella<\/a> a 52. <a href=\"https:\/\/eurocup3.org\/driver\/ernesto-rivera\/\">Ernesto Rivera<\/a> se vio obligado a retirarse a mitad de carrera, mientras que las esperanzas de Sztuka se vieron frustradas por un contacto en la salida que lo releg\u00f3 al fondo del pelot\u00f3n.  <\/p>\n\n<p>El domingo Colnaghi complet\u00f3 su obra maestra, dominando desde la pole y escap\u00e1ndose del grupo para ganar con casi cinco segundos de ventaja sobre Sztuka, con Rivera de vuelta al podio en tercer lugar. El resultado llev\u00f3 el total de Colnaghi a cinco victorias y diez podios en diecis\u00e9is salidas, suficiente para dejarlo fuera de alcance en la clasificaci\u00f3n. Con 213 puntos, ha asegurado el campeonato y la corona de rookie, por delante de Rinicella con 185 y Rivera con 176. Sztuka se mantiene cuarto con 161, mientras que Carrasquedo es quinto con 129.   <\/p>\n\n<p>La constancia ha sido la mayor fortaleza de Colnaghi, sumando puntos en casi todas las rondas mientras que sus rivales m\u00e1s cercanos perd\u00edan terreno por abandonos o fines de semana sin puntuar. Sus logros tambi\u00e9n llevaron a <a href=\"https:\/\/www.mpmotorsport.com\/\">MP Motorsport<\/a> a un segundo t\u00edtulo consecutivo de equipos con 463 puntos, por delante de <a href=\"https:\/\/camposracing.com\/es\">Campos Racing<\/a> con 300 y Griffin Core by Campos con 288. <\/p>\n\n<p>La temporada de Eurocup-3 concluir\u00e1 ahora en Barcelona-Catalunya del 10 al 12 de octubre, donde el reci\u00e9n coronado campe\u00f3n celebrar\u00e1 su triunfo ante los aficionados espa\u00f1oles y el resto de la parrilla luchar\u00e1 por las plazas de honor restantes.<\/p>\n\n<p><\/p>\n","protected":false},"excerpt":{"rendered":"<p>La pen\u00faltima ronda de la temporada 2025 de Eurocup-3 en Jerez vio a Mattia Colnaghi coronarse como Campe\u00f3n de Pilotos, [&hellip;]<\/p>\n","protected":false},"author":6,"featured_media":1523,"template":"","format":"standard","meta":{"_acf_changed":false,"r1-race-rules":"","r1cancelledevent":false,"r1completed":false,"r1onreview":false,"first_race":"%5B%5D","r2-race-rules":"","r2cancelledevent":false,"r2completed":false,"r2onreview":false,"second_race":"%5B%5D","r3-race-rules":"","r3cancelledevent":false,"r3completed":false,"r3onreview":false,"third_race":"%5B%5D","show-schedule":false,"show-day-1":false,"schedule1date":"","schedule1":"%5B%5D","show-day-2":false,"schedule2date":"","schedule2":"%5B%5D","show-day-3":false,"schedule3date":"","show-day-4":false,"schedule4date":"","schedule3":"%5B%5D","schedule4":"%5B%5D","q1-race-rules":"","q1cancelledevent":false,"q1completed":false,"q1onreview":false,"qualy1":"%5B%5D","q2-race-rules":"","q2cancelledevent":false,"q2completed":false,"q2onreview":false,"qualy2":"%5B%5D","p2cancelledevent":false,"practice-2":"%5B%5D","p1cancelledevent":false,"practice-1":"%5B%5D","drivers-list":"%5B%5D","teams-list":"%5B%5D","footnotes":""},"categories":[],"tags":[70,65,132,132,103,103,63,99,99,102,102,100,100,64,101,101],"class_list":{"0":"post-1524","1":"article","2":"type-article","3":"status-publish","4":"format-standard","5":"has-post-thumbnail","6":"hentry","7":"tag-campeon","8":"tag-campos-racing-es","9":"tag-enzo-tarnvanichkul-es","11":"tag-ernesto-rivera-es","13":"tag-eurocup3-es","14":"tag-jules-caranta-es","16":"tag-kacper-sztuka-es","18":"tag-mattia-colnaghi-es","20":"tag-mp-motorsport-es","21":"tag-valerio-rinicella-es"},"acf":[],"yoast_head":"<!-- This site is optimized with the Yoast SEO plugin v26.2 - https:\/\/yoast.com\/wordpress\/plugins\/seo\/ -->\n<title>Mattia Colnaghi, coronado Campe\u00f3n de la Eurocup-3 2025 en Jerez<\/title>\n<meta name=\"description\" content=\"La pen\u00faltima ronda de la temporada 2025 de Eurocup-3 en Jerez vio a Mattia Colnaghi coronarse como Campe\u00f3n de Pilotos, Campe\u00f3n de Rookie y la gran estrella de un fin de semana que tambi\u00e9n asegur\u00f3 el segundo t\u00edtulo consecutivo de equipos para MP Motorsport.\" \/>\n<meta name=\"robots\" content=\"index, follow, max-snippet:-1, max-image-preview:large, max-video-preview:-1\" \/>\n<link rel=\"canonical\" href=\"https:\/\/eurocup3.org\/es\/article\/mattia-colnaghi-coronado-campeon-de-la-eurocup-3-2025-en-jerez\/\" \/>\n<meta property=\"og:locale\" content=\"es_ES\" \/>\n<meta property=\"og:type\" content=\"article\" \/>\n<meta property=\"og:title\" content=\"Mattia Colnaghi, coronado Campe\u00f3n de la Eurocup-3 2025 en Jerez\" \/>\n<meta property=\"og:description\" content=\"La pen\u00faltima ronda de la temporada 2025 de Eurocup-3 en Jerez vio a Mattia Colnaghi coronarse como Campe\u00f3n de Pilotos, Campe\u00f3n de Rookie y la gran estrella de un fin de semana que tambi\u00e9n asegur\u00f3 el segundo t\u00edtulo consecutivo de equipos para MP Motorsport.\" \/>\n<meta property=\"og:url\" content=\"https:\/\/eurocup3.org\/es\/article\/mattia-colnaghi-coronado-campeon-de-la-eurocup-3-2025-en-jerez\/\" \/>\n<meta property=\"og:site_name\" content=\"Eurocup-3\" \/>\n<meta property=\"article:modified_time\" content=\"2025-09-22T14:59:32+00:00\" \/>\n<meta property=\"og:image\" content=\"https:\/\/eurocup3.org\/wp-content\/uploads\/sites\/4\/2025\/09\/285A6149-1-scaled.jpg\" \/>\n\t<meta property=\"og:image:width\" content=\"2560\" \/>\n\t<meta property=\"og:image:height\" content=\"1707\" \/>\n\t<meta property=\"og:image:type\" content=\"image\/jpeg\" \/>\n<meta name=\"twitter:card\" content=\"summary_large_image\" \/>\n<meta name=\"twitter:label1\" content=\"Tiempo de lectura\" \/>\n\t<meta name=\"twitter:data1\" content=\"2 minutos\" \/>\n<script type=\"application\/ld+json\" class=\"yoast-schema-graph\">{\"@context\":\"https:\/\/schema.org\",\"@graph\":[{\"@type\":\"NewsArticle\",\"@id\":\"https:\/\/eurocup3.org\/es\/article\/mattia-colnaghi-coronado-campeon-de-la-eurocup-3-2025-en-jerez\/#article\",\"isPartOf\":{\"@id\":\"https:\/\/eurocup3.org\/es\/article\/mattia-colnaghi-coronado-campeon-de-la-eurocup-3-2025-en-jerez\/\"},\"author\":{\"name\":\"andres\",\"@id\":\"https:\/\/eurocup3.org\/es\/#\/schema\/person\/2a034cbef760611ae42a0ac93d83cdc9\"},\"headline\":\"Mattia Colnaghi, coronado Campe\u00f3n de la Eurocup-3 2025 en Jerez\",\"datePublished\":\"2025-09-22T14:59:26+00:00\",\"dateModified\":\"2025-09-22T14:59:32+00:00\",\"mainEntityOfPage\":{\"@id\":\"https:\/\/eurocup3.org\/es\/article\/mattia-colnaghi-coronado-campeon-de-la-eurocup-3-2025-en-jerez\/\"},\"wordCount\":431,\"publisher\":{\"@id\":\"https:\/\/eurocup3.org\/es\/#organization\"},\"image\":{\"@id\":\"https:\/\/eurocup3.org\/es\/article\/mattia-colnaghi-coronado-campeon-de-la-eurocup-3-2025-en-jerez\/#primaryimage\"},\"thumbnailUrl\":\"https:\/\/eurocup3.org\/wp-content\/uploads\/sites\/4\/2025\/09\/285A6149-1-scaled.jpg\",\"keywords\":[\"campe\u00f3n\",\"Campos Racing\",\"Enzo Tarnvanichkul\",\"Enzo Tarnvanichkul\",\"Ernesto Rivera\",\"Ernesto Rivera\",\"Eurocup3\",\"Jules Caranta\",\"Jules Caranta\",\"Kacper Sztuka\",\"Kacper Sztuka\",\"Mattia Colnaghi\",\"Mattia Colnaghi\",\"MP Motorsport\",\"Valerio Rinicella\",\"Valerio Rinicella\"],\"inLanguage\":\"es\"},{\"@type\":\"WebPage\",\"@id\":\"https:\/\/eurocup3.org\/es\/article\/mattia-colnaghi-coronado-campeon-de-la-eurocup-3-2025-en-jerez\/\",\"url\":\"https:\/\/eurocup3.org\/es\/article\/mattia-colnaghi-coronado-campeon-de-la-eurocup-3-2025-en-jerez\/\",\"name\":\"Mattia Colnaghi, coronado Campe\u00f3n de la Eurocup-3 2025 en Jerez\",\"isPartOf\":{\"@id\":\"https:\/\/eurocup3.org\/es\/#website\"},\"primaryImageOfPage\":{\"@id\":\"https:\/\/eurocup3.org\/es\/article\/mattia-colnaghi-coronado-campeon-de-la-eurocup-3-2025-en-jerez\/#primaryimage\"},\"image\":{\"@id\":\"https:\/\/eurocup3.org\/es\/article\/mattia-colnaghi-coronado-campeon-de-la-eurocup-3-2025-en-jerez\/#primaryimage\"},\"thumbnailUrl\":\"https:\/\/eurocup3.org\/wp-content\/uploads\/sites\/4\/2025\/09\/285A6149-1-scaled.jpg\",\"datePublished\":\"2025-09-22T14:59:26+00:00\",\"dateModified\":\"2025-09-22T14:59:32+00:00\",\"description\":\"La pen\u00faltima ronda de la temporada 2025 de Eurocup-3 en Jerez vio a Mattia Colnaghi coronarse como Campe\u00f3n de Pilotos, Campe\u00f3n de Rookie y la gran estrella de un fin de semana que tambi\u00e9n asegur\u00f3 el segundo t\u00edtulo consecutivo de equipos para MP Motorsport.\",\"breadcrumb\":{\"@id\":\"https:\/\/eurocup3.org\/es\/article\/mattia-colnaghi-coronado-campeon-de-la-eurocup-3-2025-en-jerez\/#breadcrumb\"},\"inLanguage\":\"es\",\"potentialAction\":[{\"@type\":\"ReadAction\",\"target\":[\"https:\/\/eurocup3.org\/es\/article\/mattia-colnaghi-coronado-campeon-de-la-eurocup-3-2025-en-jerez\/\"]}]},{\"@type\":\"ImageObject\",\"inLanguage\":\"es\",\"@id\":\"https:\/\/eurocup3.org\/es\/article\/mattia-colnaghi-coronado-campeon-de-la-eurocup-3-2025-en-jerez\/#primaryimage\",\"url\":\"https:\/\/eurocup3.org\/wp-content\/uploads\/sites\/4\/2025\/09\/285A6149-1-scaled.jpg\",\"contentUrl\":\"https:\/\/eurocup3.org\/wp-content\/uploads\/sites\/4\/2025\/09\/285A6149-1-scaled.jpg\",\"width\":2560,\"height\":1707,\"caption\":\"Mattia Colnaghi celebrando su coronaci\u00f3n como campe\u00f3n de la Eurocup-3 2025 en Jerez, con su equipo animando al borde de la pista.\"},{\"@type\":\"BreadcrumbList\",\"@id\":\"https:\/\/eurocup3.org\/es\/article\/mattia-colnaghi-coronado-campeon-de-la-eurocup-3-2025-en-jerez\/#breadcrumb\",\"itemListElement\":[{\"@type\":\"ListItem\",\"position\":1,\"name\":\"Home\",\"item\":\"https:\/\/eurocup3.org\/es\/\"},{\"@type\":\"ListItem\",\"position\":2,\"name\":\"articles\",\"item\":\"https:\/\/eurocup3.org\/es\/article\/\"},{\"@type\":\"ListItem\",\"position\":3,\"name\":\"Mattia Colnaghi, coronado Campe\u00f3n de la Eurocup-3 2025 en Jerez\"}]},{\"@type\":\"WebSite\",\"@id\":\"https:\/\/eurocup3.org\/es\/#website\",\"url\":\"https:\/\/eurocup3.org\/es\/\",\"name\":\"Eurocup-3\",\"description\":\"\",\"publisher\":{\"@id\":\"https:\/\/eurocup3.org\/es\/#organization\"},\"potentialAction\":[{\"@type\":\"SearchAction\",\"target\":{\"@type\":\"EntryPoint\",\"urlTemplate\":\"https:\/\/eurocup3.org\/es\/?s={search_term_string}\"},\"query-input\":{\"@type\":\"PropertyValueSpecification\",\"valueRequired\":true,\"valueName\":\"search_term_string\"}}],\"inLanguage\":\"es\"},{\"@type\":\"Organization\",\"@id\":\"https:\/\/eurocup3.org\/es\/#organization\",\"name\":\"Eurocup-3\",\"url\":\"https:\/\/eurocup3.org\/es\/\",\"logo\":{\"@type\":\"ImageObject\",\"inLanguage\":\"es\",\"@id\":\"https:\/\/eurocup3.org\/es\/#\/schema\/logo\/image\/\",\"url\":\"https:\/\/eurocup3.org\/wp-content\/uploads\/sites\/4\/2025\/05\/Isotipo-Eurocup-3-Color-@4x.png\",\"contentUrl\":\"https:\/\/eurocup3.org\/wp-content\/uploads\/sites\/4\/2025\/05\/Isotipo-Eurocup-3-Color-@4x.png\",\"width\":2132,\"height\":195,\"caption\":\"Eurocup-3\"},\"image\":{\"@id\":\"https:\/\/eurocup3.org\/es\/#\/schema\/logo\/image\/\"}},{\"@type\":\"Person\",\"@id\":\"https:\/\/eurocup3.org\/es\/#\/schema\/person\/2a034cbef760611ae42a0ac93d83cdc9\",\"name\":\"andres\",\"image\":{\"@type\":\"ImageObject\",\"inLanguage\":\"es\",\"@id\":\"https:\/\/eurocup3.org\/es\/#\/schema\/person\/image\/\",\"url\":\"https:\/\/secure.gravatar.com\/avatar\/f42c3c635964e2add4261a0c66f1d08f456c82fe08df121e963e7c57069a6468?s=96&d=mm&r=g\",\"contentUrl\":\"https:\/\/secure.gravatar.com\/avatar\/f42c3c635964e2add4261a0c66f1d08f456c82fe08df121e963e7c57069a6468?s=96&d=mm&r=g\",\"caption\":\"andres\"},\"url\":\"https:\/\/eurocup3.org\/es\/author\/andres\/\"}]}<\/script>\n<!-- \/ Yoast SEO plugin. -->","yoast_head_json":{"title":"Mattia Colnaghi, coronado Campe\u00f3n de la Eurocup-3 2025 en Jerez","description":"La pen\u00faltima ronda de la temporada 2025 de Eurocup-3 en Jerez vio a Mattia Colnaghi coronarse como Campe\u00f3n de Pilotos, Campe\u00f3n de Rookie y la gran estrella de un fin de semana que tambi\u00e9n asegur\u00f3 el segundo t\u00edtulo consecutivo de equipos para MP Motorsport.","robots":{"index":"index","follow":"follow","max-snippet":"max-snippet:-1","max-image-preview":"max-image-preview:large","max-video-preview":"max-video-preview:-1"},"canonical":"https:\/\/eurocup3.org\/es\/article\/mattia-colnaghi-coronado-campeon-de-la-eurocup-3-2025-en-jerez\/","og_locale":"es_ES","og_type":"article","og_title":"Mattia Colnaghi, coronado Campe\u00f3n de la Eurocup-3 2025 en Jerez","og_description":"La pen\u00faltima ronda de la temporada 2025 de Eurocup-3 en Jerez vio a Mattia Colnaghi coronarse como Campe\u00f3n de Pilotos, Campe\u00f3n de Rookie y la gran estrella de un fin de semana que tambi\u00e9n asegur\u00f3 el segundo t\u00edtulo consecutivo de equipos para MP Motorsport.","og_url":"https:\/\/eurocup3.org\/es\/article\/mattia-colnaghi-coronado-campeon-de-la-eurocup-3-2025-en-jerez\/","og_site_name":"Eurocup-3","article_modified_time":"2025-09-22T14:59:32+00:00","og_image":[{"width":2560,"height":1707,"url":"https:\/\/eurocup3.org\/wp-content\/uploads\/sites\/4\/2025\/09\/285A6149-1-scaled.jpg","type":"image\/jpeg"}],"twitter_card":"summary_large_image","twitter_misc":{"Tiempo de lectura":"2 minutos"},"schema":{"@context":"https:\/\/schema.org","@graph":[{"@type":"NewsArticle","@id":"https:\/\/eurocup3.org\/es\/article\/mattia-colnaghi-coronado-campeon-de-la-eurocup-3-2025-en-jerez\/#article","isPartOf":{"@id":"https:\/\/eurocup3.org\/es\/article\/mattia-colnaghi-coronado-campeon-de-la-eurocup-3-2025-en-jerez\/"},"author":{"name":"andres","@id":"https:\/\/eurocup3.org\/es\/#\/schema\/person\/2a034cbef760611ae42a0ac93d83cdc9"},"headline":"Mattia Colnaghi, coronado Campe\u00f3n de la Eurocup-3 2025 en Jerez","datePublished":"2025-09-22T14:59:26+00:00","dateModified":"2025-09-22T14:59:32+00:00","mainEntityOfPage":{"@id":"https:\/\/eurocup3.org\/es\/article\/mattia-colnaghi-coronado-campeon-de-la-eurocup-3-2025-en-jerez\/"},"wordCount":431,"publisher":{"@id":"https:\/\/eurocup3.org\/es\/#organization"},"image":{"@id":"https:\/\/eurocup3.org\/es\/article\/mattia-colnaghi-coronado-campeon-de-la-eurocup-3-2025-en-jerez\/#primaryimage"},"thumbnailUrl":"https:\/\/eurocup3.org\/wp-content\/uploads\/sites\/4\/2025\/09\/285A6149-1-scaled.jpg","keywords":["campe\u00f3n","Campos Racing","Enzo Tarnvanichkul","Enzo Tarnvanichkul","Ernesto Rivera","Ernesto Rivera","Eurocup3","Jules Caranta","Jules Caranta","Kacper Sztuka","Kacper Sztuka","Mattia Colnaghi","Mattia Colnaghi","MP Motorsport","Valerio Rinicella","Valerio Rinicella"],"inLanguage":"es"},{"@type":"WebPage","@id":"https:\/\/eurocup3.org\/es\/article\/mattia-colnaghi-coronado-campeon-de-la-eurocup-3-2025-en-jerez\/","url":"https:\/\/eurocup3.org\/es\/article\/mattia-colnaghi-coronado-campeon-de-la-eurocup-3-2025-en-jerez\/","name":"Mattia Colnaghi, coronado Campe\u00f3n de la Eurocup-3 2025 en Jerez","isPartOf":{"@id":"https:\/\/eurocup3.org\/es\/#website"},"primaryImageOfPage":{"@id":"https:\/\/eurocup3.org\/es\/article\/mattia-colnaghi-coronado-campeon-de-la-eurocup-3-2025-en-jerez\/#primaryimage"},"image":{"@id":"https:\/\/eurocup3.org\/es\/article\/mattia-colnaghi-coronado-campeon-de-la-eurocup-3-2025-en-jerez\/#primaryimage"},"thumbnailUrl":"https:\/\/eurocup3.org\/wp-content\/uploads\/sites\/4\/2025\/09\/285A6149-1-scaled.jpg","datePublished":"2025-09-22T14:59:26+00:00","dateModified":"2025-09-22T14:59:32+00:00","description":"La pen\u00faltima ronda de la temporada 2025 de Eurocup-3 en Jerez vio a Mattia Colnaghi coronarse como Campe\u00f3n de Pilotos, Campe\u00f3n de Rookie y la gran estrella de un fin de semana que tambi\u00e9n asegur\u00f3 el segundo t\u00edtulo consecutivo de equipos para MP Motorsport.","breadcrumb":{"@id":"https:\/\/eurocup3.org\/es\/article\/mattia-colnaghi-coronado-campeon-de-la-eurocup-3-2025-en-jerez\/#breadcrumb"},"inLanguage":"es","potentialAction":[{"@type":"ReadAction","target":["https:\/\/eurocup3.org\/es\/article\/mattia-colnaghi-coronado-campeon-de-la-eurocup-3-2025-en-jerez\/"]}]},{"@type":"ImageObject","inLanguage":"es","@id":"https:\/\/eurocup3.org\/es\/article\/mattia-colnaghi-coronado-campeon-de-la-eurocup-3-2025-en-jerez\/#primaryimage","url":"https:\/\/eurocup3.org\/wp-content\/uploads\/sites\/4\/2025\/09\/285A6149-1-scaled.jpg","contentUrl":"https:\/\/eurocup3.org\/wp-content\/uploads\/sites\/4\/2025\/09\/285A6149-1-scaled.jpg","width":2560,"height":1707,"caption":"Mattia Colnaghi celebrando su coronaci\u00f3n como campe\u00f3n de la Eurocup-3 2025 en Jerez, con su equipo animando al borde de la pista."},{"@type":"BreadcrumbList","@id":"https:\/\/eurocup3.org\/es\/article\/mattia-colnaghi-coronado-campeon-de-la-eurocup-3-2025-en-jerez\/#breadcrumb","itemListElement":[{"@type":"ListItem","position":1,"name":"Home","item":"https:\/\/eurocup3.org\/es\/"},{"@type":"ListItem","position":2,"name":"articles","item":"https:\/\/eurocup3.org\/es\/article\/"},{"@type":"ListItem","position":3,"name":"Mattia Colnaghi, coronado Campe\u00f3n de la Eurocup-3 2025 en Jerez"}]},{"@type":"WebSite","@id":"https:\/\/eurocup3.org\/es\/#website","url":"https:\/\/eurocup3.org\/es\/","name":"Eurocup-3","description":"","publisher":{"@id":"https:\/\/eurocup3.org\/es\/#organization"},"potentialAction":[{"@type":"SearchAction","target":{"@type":"EntryPoint","urlTemplate":"https:\/\/eurocup3.org\/es\/?s={search_term_string}"},"query-input":{"@type":"PropertyValueSpecification","valueRequired":true,"valueName":"search_term_string"}}],"inLanguage":"es"},{"@type":"Organization","@id":"https:\/\/eurocup3.org\/es\/#organization","name":"Eurocup-3","url":"https:\/\/eurocup3.org\/es\/","logo":{"@type":"ImageObject","inLanguage":"es","@id":"https:\/\/eurocup3.org\/es\/#\/schema\/logo\/image\/","url":"https:\/\/eurocup3.org\/wp-content\/uploads\/sites\/4\/2025\/05\/Isotipo-Eurocup-3-Color-@4x.png","contentUrl":"https:\/\/eurocup3.org\/wp-content\/uploads\/sites\/4\/2025\/05\/Isotipo-Eurocup-3-Color-@4x.png","width":2132,"height":195,"caption":"Eurocup-3"},"image":{"@id":"https:\/\/eurocup3.org\/es\/#\/schema\/logo\/image\/"}},{"@type":"Person","@id":"https:\/\/eurocup3.org\/es\/#\/schema\/person\/2a034cbef760611ae42a0ac93d83cdc9","name":"andres","image":{"@type":"ImageObject","inLanguage":"es","@id":"https:\/\/eurocup3.org\/es\/#\/schema\/person\/image\/","url":"https:\/\/secure.gravatar.com\/avatar\/f42c3c635964e2add4261a0c66f1d08f456c82fe08df121e963e7c57069a6468?s=96&d=mm&r=g","contentUrl":"https:\/\/secure.gravatar.com\/avatar\/f42c3c635964e2add4261a0c66f1d08f456c82fe08df121e963e7c57069a6468?s=96&d=mm&r=g","caption":"andres"},"url":"https:\/\/eurocup3.org\/es\/author\/andres\/"}]}},"_links":{"self":[{"href":"https:\/\/eurocup3.org\/es\/wp-json\/wp\/v2\/articles\/1524","targetHints":{"allow":["GET"]}}],"collection":[{"href":"https:\/\/eurocup3.org\/es\/wp-json\/wp\/v2\/articles"}],"about":[{"href":"https:\/\/eurocup3.org\/es\/wp-json\/wp\/v2\/types\/article"}],"author":[{"embeddable":true,"href":"https:\/\/eurocup3.org\/es\/wp-json\/wp\/v2\/users\/6"}],"version-history":[{"count":3,"href":"https:\/\/eurocup3.org\/es\/wp-json\/wp\/v2\/articles\/1524\/revisions"}],"predecessor-version":[{"id":1527,"href":"https:\/\/eurocup3.org\/es\/wp-json\/wp\/v2\/articles\/1524\/revisions\/1527"}],"wp:featuredmedia":[{"embeddable":true,"href":"https:\/\/eurocup3.org\/es\/wp-json\/wp\/v2\/media\/1523"}],"wp:attachment":[{"href":"https:\/\/eurocup3.org\/es\/wp-json\/wp\/v2\/media?parent=1524"}],"wp:term":[{"taxonomy":"category","embeddable":true,"href":"https:\/\/eurocup3.org\/es\/wp-json\/wp\/v2\/categories?post=1524"},{"taxonomy":"post_tag","embeddable":true,"href":"https:\/\/eurocup3.org\/es\/wp-json\/wp\/v2\/tags?post=1524"}],"curies":[{"name":"wp","href":"https:\/\/api.w.org\/{rel}","templated":true}]}}