{"id":1486,"date":"2025-09-18T15:07:42","date_gmt":"2025-09-18T15:07:42","guid":{"rendered":"https:\/\/eurocup3.org\/?post_type=article&#038;p=1486"},"modified":"2025-09-18T15:08:43","modified_gmt":"2025-09-18T15:08:43","slug":"la-eurocup-3-regresa-a-jerez-para-su-penultima-cita-mientras-el-circuito-celebra-40-anos","status":"publish","type":"article","link":"https:\/\/eurocup3.org\/es\/article\/la-eurocup-3-regresa-a-jerez-para-su-penultima-cita-mientras-el-circuito-celebra-40-anos\/","title":{"rendered":"La Eurocup-3 regresa a Jerez para su pen\u00faltima cita, mientras el circuito celebra 40 a\u00f1os."},"content":{"rendered":"\n<p>El campeonato Eurocup-3 2025 se adentra en su pen\u00faltima ronda este fin de semana en el ic\u00f3nico Circuito de Jerez-\u00c1ngel Nieto, un escenario que este a\u00f1o celebra su 40\u00ba aniversario. S\u00edmbolo del automovilismo espa\u00f1ol, Jerez aporta historia y prestigio a un fin de semana que podr\u00eda resultar decisivo en una de las temporadas m\u00e1s re\u00f1idas de la Eurocup-3 hasta la fecha. <\/p>\n\n<p>Tras otra destacada actuaci\u00f3n en Spa-Francorchamps, <a href=\"https:\/\/eurocup3.org\/driver\/mattia-colnaghi\/\">Mattia Colnaghi<\/a> llega a Jerez como l\u00edder del campeonato con 213 puntos, y por primera vez esta temporada, se enfrenta a un posible punto de partido en la lucha por el t\u00edtulo. Con una ventaja de 48 puntos sobre su principal rival, <a href=\"https:\/\/eurocup3.org\/driver\/valerio-rinicella\/\">Valerio Rinicella<\/a> (165 puntos), y de 52 sobre <a href=\"https:\/\/eurocup3.org\/driver\/ernesto-rivera\/\">Ernesto Rivera<\/a> (161), Colnaghi podr\u00eda sellar matem\u00e1ticamente el t\u00edtulo este fin de semana si los resultados le favorecen. <a href=\"https:\/\/eurocup3.org\/driver\/kacper-sztuka\/\">Kacper Sztuka<\/a> tambi\u00e9n sigue en contienda, ocupando la cuarta posici\u00f3n con 141 puntos, pero necesita una actuaci\u00f3n fuerte para mantener vivas sus esperanzas.  <\/p>\n\n<p>El mismo escenario se presenta en el Campeonato de Equipos, donde <a href=\"https:\/\/www.mpmotorsport.com\/\">Mp Motorsport<\/a> lidera con 413 puntos y podr\u00eda conseguir el t\u00edtulo antes de lo previsto en Jerez. <a href=\"https:\/\/camposracing.com\/es\">Campos Racing<\/a> (284 puntos) y Griffin Core by Campos (280 puntos) siguen inmersos en una lucha cerrada por el segundo puesto, pero necesitar\u00edan un fin de semana dominante para retrasar las celebraciones de MP. <\/p>\n\n<p>Jerez es un circuito t\u00e9cnico y fluido de 4.428 km que desaf\u00eda a los pilotos a trav\u00e9s de sus 15 curvas. El fuerte frenaje en la Curva 1 ofrece una cl\u00e1sica zona de adelantamientos, mientras que el r\u00e1pido paso por las Curvas 3 y 4 exige precisi\u00f3n y ritmo. La curva cerrada en la Curva 6 y la \u00faltima chicana tambi\u00e9n son zonas clave para la acci\u00f3n cuerpo a cuerpo, especialmente en las etapas finales de una carrera. Con temperaturas t\u00edpicamente altas y una superficie abrasiva, la degradaci\u00f3n de los neum\u00e1ticos ser\u00e1 un factor que los equipos deber\u00e1n gestionar cuidadosamente durante todo el fin de semana.   <\/p>\n\n<p>La ronda tambi\u00e9n ver\u00e1 una nueva entrada en la parrilla: Tecnicar by Amtog har\u00e1 su debut en la Eurocup-3 en Jerez como parte de un programa de preparaci\u00f3n para su entrada completa en la temporada 2026. La llegada del equipo espa\u00f1ol a\u00f1ade una capa de inter\u00e9s a un fin de semana ya ajetreado, y marca el comienzo de su integraci\u00f3n en el paddock y el panorama t\u00e9cnico del campeonato. <\/p>\n\n<p>El programa comienza el viernes con 1 hora y 20 minutos de pruebas, lo que dar\u00e1 tiempo a los equipos y pilotos para afinar sus configuraciones. El s\u00e1bado, el d\u00eda comienza con los entrenamientos libres temprano por la ma\u00f1ana, seguidos de la Clasificaci\u00f3n 1 a las 12:45, que definir\u00e1 la parrilla para la Carrera 1 a las 16:05. El \u00faltimo d\u00eda del fin de semana incluye la Clasificaci\u00f3n 2 el domingo a las 09:30, antes de que las luces se apagan para la Carrera 2 a las 13:50, cerrando lo que podr\u00eda ser un fin de semana decisivo para el campeonato en el sur de Espa\u00f1a.  <\/p>\n\n<p>Todas las sesiones se transmitir\u00e1n en vivo y de forma gratuita en el canal oficial de Eurocup-3 en YouTube, mientras la lucha por el t\u00edtulo de 2025 se acerca a su cl\u00edmax.<\/p>\n\n<p><\/p>\n","protected":false},"excerpt":{"rendered":"<p>El campeonato Eurocup-3 2025 se adentra en su pen\u00faltima ronda este fin de semana en el ic\u00f3nico Circuito de Jerez-\u00c1ngel [&hellip;]<\/p>\n","protected":false},"author":6,"featured_media":1485,"template":"","format":"standard","meta":{"_acf_changed":false,"r1-race-rules":"","r1cancelledevent":false,"r1completed":false,"r1onreview":false,"first_race":"%5B%5D","r2-race-rules":"","r2cancelledevent":false,"r2completed":false,"r2onreview":false,"second_race":"%5B%5D","r3-race-rules":"","r3cancelledevent":false,"r3completed":false,"r3onreview":false,"third_race":"%5B%5D","show-schedule":false,"show-day-1":false,"schedule1date":"","schedule1":"%5B%5D","show-day-2":false,"schedule2date":"","schedule2":"%5B%5D","show-day-3":false,"schedule3date":"","show-day-4":false,"schedule4date":"","schedule3":"%5B%5D","schedule4":"%5B%5D","q1-race-rules":"","q1cancelledevent":false,"q1completed":false,"q1onreview":false,"qualy1":"%5B%5D","q2-race-rules":"","q2cancelledevent":false,"q2completed":false,"q2onreview":false,"qualy2":"%5B%5D","p2cancelledevent":false,"practice-2":"%5B%5D","p1cancelledevent":false,"practice-1":"%5B%5D","drivers-list":"%5B%5D","teams-list":"%5B%5D","footnotes":""},"categories":[],"tags":[65,103,63,102,100,64,101],"class_list":["post-1486","article","type-article","status-publish","format-standard","has-post-thumbnail","hentry","tag-campos-racing-es","tag-ernesto-rivera-es","tag-eurocup3-es","tag-kacper-sztuka-es","tag-mattia-colnaghi-es","tag-mp-motorsport-es","tag-valerio-rinicella-es"],"acf":[],"yoast_head":"<!-- This site is optimized with the Yoast SEO plugin v26.2 - https:\/\/yoast.com\/wordpress\/plugins\/seo\/ -->\n<title>La Eurocup-3 vuelve a Jerez.<\/title>\n<meta name=\"description\" content=\"El campeonato Eurocup-3 2025 se adentra en su pen\u00faltima ronda este fin de semana en el ic\u00f3nico Circuito de Jerez-\u00c1ngel Nieto, un escenario que este a\u00f1o celebra su 40\u00ba aniversario.\" \/>\n<meta name=\"robots\" content=\"index, follow, max-snippet:-1, max-image-preview:large, max-video-preview:-1\" \/>\n<link rel=\"canonical\" href=\"https:\/\/eurocup3.org\/es\/article\/la-eurocup-3-regresa-a-jerez-para-su-penultima-cita-mientras-el-circuito-celebra-40-anos\/\" \/>\n<meta property=\"og:locale\" content=\"es_ES\" \/>\n<meta property=\"og:type\" content=\"article\" \/>\n<meta property=\"og:title\" content=\"La Eurocup-3 vuelve a Jerez.\" \/>\n<meta property=\"og:description\" content=\"El campeonato Eurocup-3 2025 se adentra en su pen\u00faltima ronda este fin de semana en el ic\u00f3nico Circuito de Jerez-\u00c1ngel Nieto, un escenario que este a\u00f1o celebra su 40\u00ba aniversario.\" \/>\n<meta property=\"og:url\" content=\"https:\/\/eurocup3.org\/es\/article\/la-eurocup-3-regresa-a-jerez-para-su-penultima-cita-mientras-el-circuito-celebra-40-anos\/\" \/>\n<meta property=\"og:site_name\" content=\"Eurocup-3\" \/>\n<meta property=\"article:modified_time\" content=\"2025-09-18T15:08:43+00:00\" \/>\n<meta property=\"og:image\" content=\"https:\/\/eurocup3.org\/wp-content\/uploads\/sites\/4\/2025\/09\/ECR_4883-1-scaled.jpg\" \/>\n\t<meta property=\"og:image:width\" content=\"2560\" \/>\n\t<meta property=\"og:image:height\" content=\"1707\" \/>\n\t<meta property=\"og:image:type\" content=\"image\/jpeg\" \/>\n<meta name=\"twitter:card\" content=\"summary_large_image\" \/>\n<meta name=\"twitter:label1\" content=\"Tiempo de lectura\" \/>\n\t<meta name=\"twitter:data1\" content=\"3 minutos\" \/>\n<script type=\"application\/ld+json\" class=\"yoast-schema-graph\">{\"@context\":\"https:\/\/schema.org\",\"@graph\":[{\"@type\":\"NewsArticle\",\"@id\":\"https:\/\/eurocup3.org\/es\/article\/la-eurocup-3-regresa-a-jerez-para-su-penultima-cita-mientras-el-circuito-celebra-40-anos\/#article\",\"isPartOf\":{\"@id\":\"https:\/\/eurocup3.org\/es\/article\/la-eurocup-3-regresa-a-jerez-para-su-penultima-cita-mientras-el-circuito-celebra-40-anos\/\"},\"author\":{\"name\":\"andres\",\"@id\":\"https:\/\/eurocup3.org\/es\/#\/schema\/person\/2a034cbef760611ae42a0ac93d83cdc9\"},\"headline\":\"La Eurocup-3 regresa a Jerez para su pen\u00faltima cita, mientras el circuito celebra 40 a\u00f1os.\",\"datePublished\":\"2025-09-18T15:07:42+00:00\",\"dateModified\":\"2025-09-18T15:08:43+00:00\",\"mainEntityOfPage\":{\"@id\":\"https:\/\/eurocup3.org\/es\/article\/la-eurocup-3-regresa-a-jerez-para-su-penultima-cita-mientras-el-circuito-celebra-40-anos\/\"},\"wordCount\":571,\"publisher\":{\"@id\":\"https:\/\/eurocup3.org\/es\/#organization\"},\"image\":{\"@id\":\"https:\/\/eurocup3.org\/es\/article\/la-eurocup-3-regresa-a-jerez-para-su-penultima-cita-mientras-el-circuito-celebra-40-anos\/#primaryimage\"},\"thumbnailUrl\":\"https:\/\/eurocup3.org\/wp-content\/uploads\/sites\/4\/2025\/09\/ECR_4883-1-scaled.jpg\",\"keywords\":[\"Campos Racing\",\"Ernesto Rivera\",\"Eurocup3\",\"Kacper Sztuka\",\"Mattia Colnaghi\",\"MP Motorsport\",\"Valerio Rinicella\"],\"inLanguage\":\"es\"},{\"@type\":\"WebPage\",\"@id\":\"https:\/\/eurocup3.org\/es\/article\/la-eurocup-3-regresa-a-jerez-para-su-penultima-cita-mientras-el-circuito-celebra-40-anos\/\",\"url\":\"https:\/\/eurocup3.org\/es\/article\/la-eurocup-3-regresa-a-jerez-para-su-penultima-cita-mientras-el-circuito-celebra-40-anos\/\",\"name\":\"La Eurocup-3 vuelve a Jerez.\",\"isPartOf\":{\"@id\":\"https:\/\/eurocup3.org\/es\/#website\"},\"primaryImageOfPage\":{\"@id\":\"https:\/\/eurocup3.org\/es\/article\/la-eurocup-3-regresa-a-jerez-para-su-penultima-cita-mientras-el-circuito-celebra-40-anos\/#primaryimage\"},\"image\":{\"@id\":\"https:\/\/eurocup3.org\/es\/article\/la-eurocup-3-regresa-a-jerez-para-su-penultima-cita-mientras-el-circuito-celebra-40-anos\/#primaryimage\"},\"thumbnailUrl\":\"https:\/\/eurocup3.org\/wp-content\/uploads\/sites\/4\/2025\/09\/ECR_4883-1-scaled.jpg\",\"datePublished\":\"2025-09-18T15:07:42+00:00\",\"dateModified\":\"2025-09-18T15:08:43+00:00\",\"description\":\"El campeonato Eurocup-3 2025 se adentra en su pen\u00faltima ronda este fin de semana en el ic\u00f3nico Circuito de Jerez-\u00c1ngel Nieto, un escenario que este a\u00f1o celebra su 40\u00ba aniversario.\",\"breadcrumb\":{\"@id\":\"https:\/\/eurocup3.org\/es\/article\/la-eurocup-3-regresa-a-jerez-para-su-penultima-cita-mientras-el-circuito-celebra-40-anos\/#breadcrumb\"},\"inLanguage\":\"es\",\"potentialAction\":[{\"@type\":\"ReadAction\",\"target\":[\"https:\/\/eurocup3.org\/es\/article\/la-eurocup-3-regresa-a-jerez-para-su-penultima-cita-mientras-el-circuito-celebra-40-anos\/\"]}]},{\"@type\":\"ImageObject\",\"inLanguage\":\"es\",\"@id\":\"https:\/\/eurocup3.org\/es\/article\/la-eurocup-3-regresa-a-jerez-para-su-penultima-cita-mientras-el-circuito-celebra-40-anos\/#primaryimage\",\"url\":\"https:\/\/eurocup3.org\/wp-content\/uploads\/sites\/4\/2025\/09\/ECR_4883-1-scaled.jpg\",\"contentUrl\":\"https:\/\/eurocup3.org\/wp-content\/uploads\/sites\/4\/2025\/09\/ECR_4883-1-scaled.jpg\",\"width\":2560,\"height\":1707,\"caption\":\"Pilotos de la Eurocup-3 compitiendo en la pista de Jerez, con el cartel de Andaluc\u00eda visible en la curva, durante el pen\u00faltimo enfrentamiento de la temporada.\"},{\"@type\":\"BreadcrumbList\",\"@id\":\"https:\/\/eurocup3.org\/es\/article\/la-eurocup-3-regresa-a-jerez-para-su-penultima-cita-mientras-el-circuito-celebra-40-anos\/#breadcrumb\",\"itemListElement\":[{\"@type\":\"ListItem\",\"position\":1,\"name\":\"Home\",\"item\":\"https:\/\/eurocup3.org\/es\/\"},{\"@type\":\"ListItem\",\"position\":2,\"name\":\"articles\",\"item\":\"https:\/\/eurocup3.org\/es\/article\/\"},{\"@type\":\"ListItem\",\"position\":3,\"name\":\"La Eurocup-3 regresa a Jerez para su pen\u00faltima cita, mientras el circuito celebra 40 a\u00f1os.\"}]},{\"@type\":\"WebSite\",\"@id\":\"https:\/\/eurocup3.org\/es\/#website\",\"url\":\"https:\/\/eurocup3.org\/es\/\",\"name\":\"Eurocup-3\",\"description\":\"\",\"publisher\":{\"@id\":\"https:\/\/eurocup3.org\/es\/#organization\"},\"potentialAction\":[{\"@type\":\"SearchAction\",\"target\":{\"@type\":\"EntryPoint\",\"urlTemplate\":\"https:\/\/eurocup3.org\/es\/?s={search_term_string}\"},\"query-input\":{\"@type\":\"PropertyValueSpecification\",\"valueRequired\":true,\"valueName\":\"search_term_string\"}}],\"inLanguage\":\"es\"},{\"@type\":\"Organization\",\"@id\":\"https:\/\/eurocup3.org\/es\/#organization\",\"name\":\"Eurocup-3\",\"url\":\"https:\/\/eurocup3.org\/es\/\",\"logo\":{\"@type\":\"ImageObject\",\"inLanguage\":\"es\",\"@id\":\"https:\/\/eurocup3.org\/es\/#\/schema\/logo\/image\/\",\"url\":\"https:\/\/eurocup3.org\/wp-content\/uploads\/sites\/4\/2025\/05\/Isotipo-Eurocup-3-Color-@4x.png\",\"contentUrl\":\"https:\/\/eurocup3.org\/wp-content\/uploads\/sites\/4\/2025\/05\/Isotipo-Eurocup-3-Color-@4x.png\",\"width\":2132,\"height\":195,\"caption\":\"Eurocup-3\"},\"image\":{\"@id\":\"https:\/\/eurocup3.org\/es\/#\/schema\/logo\/image\/\"}},{\"@type\":\"Person\",\"@id\":\"https:\/\/eurocup3.org\/es\/#\/schema\/person\/2a034cbef760611ae42a0ac93d83cdc9\",\"name\":\"andres\",\"image\":{\"@type\":\"ImageObject\",\"inLanguage\":\"es\",\"@id\":\"https:\/\/eurocup3.org\/es\/#\/schema\/person\/image\/\",\"url\":\"https:\/\/secure.gravatar.com\/avatar\/f42c3c635964e2add4261a0c66f1d08f456c82fe08df121e963e7c57069a6468?s=96&d=mm&r=g\",\"contentUrl\":\"https:\/\/secure.gravatar.com\/avatar\/f42c3c635964e2add4261a0c66f1d08f456c82fe08df121e963e7c57069a6468?s=96&d=mm&r=g\",\"caption\":\"andres\"},\"url\":\"https:\/\/eurocup3.org\/es\/author\/andres\/\"}]}<\/script>\n<!-- \/ Yoast SEO plugin. -->","yoast_head_json":{"title":"La Eurocup-3 vuelve a Jerez.","description":"El campeonato Eurocup-3 2025 se adentra en su pen\u00faltima ronda este fin de semana en el ic\u00f3nico Circuito de Jerez-\u00c1ngel Nieto, un escenario que este a\u00f1o celebra su 40\u00ba aniversario.","robots":{"index":"index","follow":"follow","max-snippet":"max-snippet:-1","max-image-preview":"max-image-preview:large","max-video-preview":"max-video-preview:-1"},"canonical":"https:\/\/eurocup3.org\/es\/article\/la-eurocup-3-regresa-a-jerez-para-su-penultima-cita-mientras-el-circuito-celebra-40-anos\/","og_locale":"es_ES","og_type":"article","og_title":"La Eurocup-3 vuelve a Jerez.","og_description":"El campeonato Eurocup-3 2025 se adentra en su pen\u00faltima ronda este fin de semana en el ic\u00f3nico Circuito de Jerez-\u00c1ngel Nieto, un escenario que este a\u00f1o celebra su 40\u00ba aniversario.","og_url":"https:\/\/eurocup3.org\/es\/article\/la-eurocup-3-regresa-a-jerez-para-su-penultima-cita-mientras-el-circuito-celebra-40-anos\/","og_site_name":"Eurocup-3","article_modified_time":"2025-09-18T15:08:43+00:00","og_image":[{"width":2560,"height":1707,"url":"https:\/\/eurocup3.org\/wp-content\/uploads\/sites\/4\/2025\/09\/ECR_4883-1-scaled.jpg","type":"image\/jpeg"}],"twitter_card":"summary_large_image","twitter_misc":{"Tiempo de lectura":"3 minutos"},"schema":{"@context":"https:\/\/schema.org","@graph":[{"@type":"NewsArticle","@id":"https:\/\/eurocup3.org\/es\/article\/la-eurocup-3-regresa-a-jerez-para-su-penultima-cita-mientras-el-circuito-celebra-40-anos\/#article","isPartOf":{"@id":"https:\/\/eurocup3.org\/es\/article\/la-eurocup-3-regresa-a-jerez-para-su-penultima-cita-mientras-el-circuito-celebra-40-anos\/"},"author":{"name":"andres","@id":"https:\/\/eurocup3.org\/es\/#\/schema\/person\/2a034cbef760611ae42a0ac93d83cdc9"},"headline":"La Eurocup-3 regresa a Jerez para su pen\u00faltima cita, mientras el circuito celebra 40 a\u00f1os.","datePublished":"2025-09-18T15:07:42+00:00","dateModified":"2025-09-18T15:08:43+00:00","mainEntityOfPage":{"@id":"https:\/\/eurocup3.org\/es\/article\/la-eurocup-3-regresa-a-jerez-para-su-penultima-cita-mientras-el-circuito-celebra-40-anos\/"},"wordCount":571,"publisher":{"@id":"https:\/\/eurocup3.org\/es\/#organization"},"image":{"@id":"https:\/\/eurocup3.org\/es\/article\/la-eurocup-3-regresa-a-jerez-para-su-penultima-cita-mientras-el-circuito-celebra-40-anos\/#primaryimage"},"thumbnailUrl":"https:\/\/eurocup3.org\/wp-content\/uploads\/sites\/4\/2025\/09\/ECR_4883-1-scaled.jpg","keywords":["Campos Racing","Ernesto Rivera","Eurocup3","Kacper Sztuka","Mattia Colnaghi","MP Motorsport","Valerio Rinicella"],"inLanguage":"es"},{"@type":"WebPage","@id":"https:\/\/eurocup3.org\/es\/article\/la-eurocup-3-regresa-a-jerez-para-su-penultima-cita-mientras-el-circuito-celebra-40-anos\/","url":"https:\/\/eurocup3.org\/es\/article\/la-eurocup-3-regresa-a-jerez-para-su-penultima-cita-mientras-el-circuito-celebra-40-anos\/","name":"La Eurocup-3 vuelve a Jerez.","isPartOf":{"@id":"https:\/\/eurocup3.org\/es\/#website"},"primaryImageOfPage":{"@id":"https:\/\/eurocup3.org\/es\/article\/la-eurocup-3-regresa-a-jerez-para-su-penultima-cita-mientras-el-circuito-celebra-40-anos\/#primaryimage"},"image":{"@id":"https:\/\/eurocup3.org\/es\/article\/la-eurocup-3-regresa-a-jerez-para-su-penultima-cita-mientras-el-circuito-celebra-40-anos\/#primaryimage"},"thumbnailUrl":"https:\/\/eurocup3.org\/wp-content\/uploads\/sites\/4\/2025\/09\/ECR_4883-1-scaled.jpg","datePublished":"2025-09-18T15:07:42+00:00","dateModified":"2025-09-18T15:08:43+00:00","description":"El campeonato Eurocup-3 2025 se adentra en su pen\u00faltima ronda este fin de semana en el ic\u00f3nico Circuito de Jerez-\u00c1ngel Nieto, un escenario que este a\u00f1o celebra su 40\u00ba aniversario.","breadcrumb":{"@id":"https:\/\/eurocup3.org\/es\/article\/la-eurocup-3-regresa-a-jerez-para-su-penultima-cita-mientras-el-circuito-celebra-40-anos\/#breadcrumb"},"inLanguage":"es","potentialAction":[{"@type":"ReadAction","target":["https:\/\/eurocup3.org\/es\/article\/la-eurocup-3-regresa-a-jerez-para-su-penultima-cita-mientras-el-circuito-celebra-40-anos\/"]}]},{"@type":"ImageObject","inLanguage":"es","@id":"https:\/\/eurocup3.org\/es\/article\/la-eurocup-3-regresa-a-jerez-para-su-penultima-cita-mientras-el-circuito-celebra-40-anos\/#primaryimage","url":"https:\/\/eurocup3.org\/wp-content\/uploads\/sites\/4\/2025\/09\/ECR_4883-1-scaled.jpg","contentUrl":"https:\/\/eurocup3.org\/wp-content\/uploads\/sites\/4\/2025\/09\/ECR_4883-1-scaled.jpg","width":2560,"height":1707,"caption":"Pilotos de la Eurocup-3 compitiendo en la pista de Jerez, con el cartel de Andaluc\u00eda visible en la curva, durante el pen\u00faltimo enfrentamiento de la temporada."},{"@type":"BreadcrumbList","@id":"https:\/\/eurocup3.org\/es\/article\/la-eurocup-3-regresa-a-jerez-para-su-penultima-cita-mientras-el-circuito-celebra-40-anos\/#breadcrumb","itemListElement":[{"@type":"ListItem","position":1,"name":"Home","item":"https:\/\/eurocup3.org\/es\/"},{"@type":"ListItem","position":2,"name":"articles","item":"https:\/\/eurocup3.org\/es\/article\/"},{"@type":"ListItem","position":3,"name":"La Eurocup-3 regresa a Jerez para su pen\u00faltima cita, mientras el circuito celebra 40 a\u00f1os."}]},{"@type":"WebSite","@id":"https:\/\/eurocup3.org\/es\/#website","url":"https:\/\/eurocup3.org\/es\/","name":"Eurocup-3","description":"","publisher":{"@id":"https:\/\/eurocup3.org\/es\/#organization"},"potentialAction":[{"@type":"SearchAction","target":{"@type":"EntryPoint","urlTemplate":"https:\/\/eurocup3.org\/es\/?s={search_term_string}"},"query-input":{"@type":"PropertyValueSpecification","valueRequired":true,"valueName":"search_term_string"}}],"inLanguage":"es"},{"@type":"Organization","@id":"https:\/\/eurocup3.org\/es\/#organization","name":"Eurocup-3","url":"https:\/\/eurocup3.org\/es\/","logo":{"@type":"ImageObject","inLanguage":"es","@id":"https:\/\/eurocup3.org\/es\/#\/schema\/logo\/image\/","url":"https:\/\/eurocup3.org\/wp-content\/uploads\/sites\/4\/2025\/05\/Isotipo-Eurocup-3-Color-@4x.png","contentUrl":"https:\/\/eurocup3.org\/wp-content\/uploads\/sites\/4\/2025\/05\/Isotipo-Eurocup-3-Color-@4x.png","width":2132,"height":195,"caption":"Eurocup-3"},"image":{"@id":"https:\/\/eurocup3.org\/es\/#\/schema\/logo\/image\/"}},{"@type":"Person","@id":"https:\/\/eurocup3.org\/es\/#\/schema\/person\/2a034cbef760611ae42a0ac93d83cdc9","name":"andres","image":{"@type":"ImageObject","inLanguage":"es","@id":"https:\/\/eurocup3.org\/es\/#\/schema\/person\/image\/","url":"https:\/\/secure.gravatar.com\/avatar\/f42c3c635964e2add4261a0c66f1d08f456c82fe08df121e963e7c57069a6468?s=96&d=mm&r=g","contentUrl":"https:\/\/secure.gravatar.com\/avatar\/f42c3c635964e2add4261a0c66f1d08f456c82fe08df121e963e7c57069a6468?s=96&d=mm&r=g","caption":"andres"},"url":"https:\/\/eurocup3.org\/es\/author\/andres\/"}]}},"_links":{"self":[{"href":"https:\/\/eurocup3.org\/es\/wp-json\/wp\/v2\/articles\/1486","targetHints":{"allow":["GET"]}}],"collection":[{"href":"https:\/\/eurocup3.org\/es\/wp-json\/wp\/v2\/articles"}],"about":[{"href":"https:\/\/eurocup3.org\/es\/wp-json\/wp\/v2\/types\/article"}],"author":[{"embeddable":true,"href":"https:\/\/eurocup3.org\/es\/wp-json\/wp\/v2\/users\/6"}],"version-history":[{"count":4,"href":"https:\/\/eurocup3.org\/es\/wp-json\/wp\/v2\/articles\/1486\/revisions"}],"predecessor-version":[{"id":1490,"href":"https:\/\/eurocup3.org\/es\/wp-json\/wp\/v2\/articles\/1486\/revisions\/1490"}],"wp:featuredmedia":[{"embeddable":true,"href":"https:\/\/eurocup3.org\/es\/wp-json\/wp\/v2\/media\/1485"}],"wp:attachment":[{"href":"https:\/\/eurocup3.org\/es\/wp-json\/wp\/v2\/media?parent=1486"}],"wp:term":[{"taxonomy":"category","embeddable":true,"href":"https:\/\/eurocup3.org\/es\/wp-json\/wp\/v2\/categories?post=1486"},{"taxonomy":"post_tag","embeddable":true,"href":"https:\/\/eurocup3.org\/es\/wp-json\/wp\/v2\/tags?post=1486"}],"curies":[{"name":"wp","href":"https:\/\/api.w.org\/{rel}","templated":true}]}}