{"id":1400,"date":"2025-08-10T18:24:52","date_gmt":"2025-08-10T18:24:52","guid":{"rendered":"https:\/\/eurocup3.org\/article\/colnaghi-y-rinicella-se-reparten-la-gloria-en-assen-mientras-mp-motorsport-domina-en-casa\/"},"modified":"2025-08-11T06:30:21","modified_gmt":"2025-08-11T06:30:21","slug":"colnaghi-y-rinicella-se-reparten-la-gloria-en-assen-mientras-mp-motorsport-domina-en-casa","status":"publish","type":"article","link":"https:\/\/eurocup3.org\/es\/article\/colnaghi-y-rinicella-se-reparten-la-gloria-en-assen-mientras-mp-motorsport-domina-en-casa\/","title":{"rendered":"Colnaghi y Rinicella se reparten la gloria en Assen mientras MP Motorsport domina en casa"},"content":{"rendered":"\n<p>Tras la intensidad vivida en Monza, donde<a href=\"https:\/\/eurocup3.org\/driver\/ernesto-rivera\/\"> Ernesto Rivera<\/a> recuper\u00f3 el liderato del campeonato y <a href=\"https:\/\/eurocup3.org\/driver\/mattia-colnaghi\/\">Mattia Colnaghi<\/a> respondi\u00f3 con una victoria en la Sprint Race, el paddock de Eurocup-3 viaj\u00f3 a los Pa\u00edses Bajos para su primera aparici\u00f3n en la historia en Assen. La cuarta cita de la temporada trajo otro giro importante en la lucha por el t\u00edtulo, con <a href=\"https:\/\/www.mpmotorsport.com\/\">MP Motorsport<\/a> firmando una actuaci\u00f3n dominante en casa y llev\u00e1ndose un fin de semana perfecto en resultados.<\/p>\n\n<p>En la carrera inaugural, lo que parec\u00eda que iba a ser la cuarta victoria del a\u00f1o para <a href=\"https:\/\/eurocup3.org\/driver\/mattia-colnaghi\/\">Mattia Colnaghi<\/a> \u2014y el tercer doblete italiano junto a su compa\u00f1ero <a href=\"https:\/\/eurocup3.org\/driver\/valerio-rinicella\/\">Valerio Rinicella<\/a>\u2014 cambi\u00f3 r\u00e1pidamente cuando Colnaghi recibi\u00f3 una penalizaci\u00f3n de 10 segundos por moverse antes de que se apagara el sem\u00e1foro. Tal fue su ritmo que a\u00fan logr\u00f3 salvar la tercera posici\u00f3n, pero el foco estuvo totalmente en Rinicella, que tras cinco podios previos logr\u00f3 finalmente su primera victoria en Eurocup-3. <\/p>\n\n<p>Fue un doblete de <a href=\"https:\/\/www.mpmotorsport.com\/\">MP Motorsport<\/a> al frente, con solo Michael Belov (Allay Racing) presionando brevemente en las primeras vueltas antes de heredar la segunda posici\u00f3n tras la sanci\u00f3n a Colnaghi. El resultado de Belov no solo marc\u00f3 su primera aparici\u00f3n en el podio, sino que tambi\u00e9n le proporcion\u00f3 a Allay Racing su primera victoria en puntos y podio en la Eurocup-3. El exl\u00edder del campeonato, <a href=\"https:\/\/eurocup3.org\/driver\/ernesto-rivera\/\">Ernesto Rivera<\/a>, tuvo una carrera dif\u00edcil, recibiendo una penalizaci\u00f3n de 5 segundos por sobre los l\u00edmites de pista que lo dej\u00f3 completamente fuera de los puntos. <a href=\"https:\/\/eurocup3.org\/driver\/andres-cardenas\/\">Andr\u00e9s C\u00e1rdenas<\/a> se coloc\u00f3 cuarto por delante de Kacper Sztuka, quien se recuper\u00f3 r\u00e1pidamente de una lenta salida para lograr un valioso puesto entre los cinco primeros.<\/p>\n\n<p>En la segunda carrera del domingo, Colnaghi no cometi\u00f3 errores desde la Pole, controlando las 19 vueltas para lograr su cuarta victoria del a\u00f1o junto con la vuelta r\u00e1pida, sumando as\u00ed el m\u00e1ximo de 28 puntos. El vigente campe\u00f3n de F4 Espa\u00f1a lidera ahora la clasificaci\u00f3n de Eurocup-3 con 177 puntos, adem\u00e1s de ser el mejor rookie, con 12 de ventaja sobre Rinicella. El piloto romano, que part\u00eda tercero, fue adelantado de inmediato por Alexander Abkhazava, quien se mantuvo firme para asegurar la segunda plaza y su segundo podio de la temporada tras un resultado similar en Portim\u00e3o. Rinicella complet\u00f3 el podio, manteni\u00e9ndose de lleno en la lucha con 165 puntos. Rivera, que lleg\u00f3 a Assen como l\u00edder del campeonato, tuvo un fin de semana para olvidar, qued\u00e1ndose sin puntuar en ambas carreras y cayendo al tercer puesto de la general con 136 puntos, a 41 de Colnaghi.    <\/p>\n\n<p>La segunda carrera dej\u00f3 un triplete en casa para <a href=\"https:\/\/www.mpmotorsport.com\/\">MP Motorsport<\/a>, con Sztuka finalizando cuarto y alcanzando los 128 puntos en la clasificaci\u00f3n. En el campeonato de equipos, <a href=\"https:\/\/www.mpmotorsport.com\/\">MP Motorsport<\/a> se asienta en lo m\u00e1s alto con 368 puntos, ampliando su ventaja sobre Griffin Core by Campos, que sube a la segunda posici\u00f3n con 225, por delante de <a href=\"https:\/\/camposracing.com\/es\">Campos Racing<\/a>, que se queda con 224.<\/p>\n\n<p>La pr\u00f3xima cita de Eurocup-3 ser\u00e1 en el legendario circuito de Spa-Francorchamps del 3 al 5 de septiembre, donde se espera que la lucha por el t\u00edtulo se intensifique en uno de los trazados m\u00e1s exigentes de la temporada.<\/p>\n\n<p><\/p>\n","protected":false},"excerpt":{"rendered":"<p>Tras la intensidad vivida en Monza, donde Ernesto Rivera recuper\u00f3 el liderato del campeonato y Mattia Colnaghi respondi\u00f3 con una [&hellip;]<\/p>\n","protected":false},"author":6,"featured_media":1397,"template":"","format":"standard","meta":{"_acf_changed":false,"r1-race-rules":"","r1cancelledevent":false,"r1completed":false,"r1onreview":false,"first_race":"%5B%5D","r2-race-rules":"","r2cancelledevent":false,"r2completed":false,"r2onreview":false,"second_race":"%5B%5D","r3-race-rules":"","r3cancelledevent":false,"r3completed":false,"r3onreview":false,"third_race":"%5B%5D","show-schedule":false,"show-day-1":false,"schedule1date":"","schedule1":"%5B%5D","show-day-2":false,"schedule2date":"","schedule2":"%5B%5D","show-day-3":false,"schedule3date":"","show-day-4":false,"schedule4date":"","schedule3":"%5B%5D","schedule4":"%5B%5D","q1-race-rules":"","q1cancelledevent":false,"q1completed":false,"q1onreview":false,"qualy1":"%5B%5D","q2-race-rules":"","q2cancelledevent":false,"q2completed":false,"q2onreview":false,"qualy2":"%5B%5D","p2cancelledevent":false,"practice-2":"%5B%5D","p1cancelledevent":false,"practice-1":"%5B%5D","drivers-list":"%5B%5D","teams-list":"%5B%5D","footnotes":""},"categories":[],"tags":[126,65,103,63,100,64,101],"class_list":["post-1400","article","type-article","status-publish","format-standard","has-post-thumbnail","hentry","tag-andres-cardenas-es","tag-campos-racing-es","tag-ernesto-rivera-es","tag-eurocup3-es","tag-mattia-colnaghi-es","tag-mp-motorsport-es","tag-valerio-rinicella-es"],"acf":[],"yoast_head":"<!-- This site is optimized with the Yoast SEO plugin v26.2 - https:\/\/yoast.com\/wordpress\/plugins\/seo\/ -->\n<title>Colnaghi y Rinicella se reparten la gloria en Assen<\/title>\n<meta name=\"description\" content=\"La cuarta cita de la temporada trajo otro gran giro en la lucha por el t\u00edtulo, con MP Motorsport firmando una actuaci\u00f3n dominante en casa y cerrando un fin de semana perfecto en resultados.\" \/>\n<meta name=\"robots\" content=\"index, follow, max-snippet:-1, max-image-preview:large, max-video-preview:-1\" \/>\n<link rel=\"canonical\" href=\"https:\/\/eurocup3.org\/es\/article\/colnaghi-y-rinicella-se-reparten-la-gloria-en-assen-mientras-mp-motorsport-domina-en-casa\/\" \/>\n<meta property=\"og:locale\" content=\"es_ES\" \/>\n<meta property=\"og:type\" content=\"article\" \/>\n<meta property=\"og:title\" content=\"Colnaghi y Rinicella se reparten la gloria en Assen\" \/>\n<meta property=\"og:description\" content=\"La cuarta cita de la temporada trajo otro gran giro en la lucha por el t\u00edtulo, con MP Motorsport firmando una actuaci\u00f3n dominante en casa y cerrando un fin de semana perfecto en resultados.\" \/>\n<meta property=\"og:url\" content=\"https:\/\/eurocup3.org\/es\/article\/colnaghi-y-rinicella-se-reparten-la-gloria-en-assen-mientras-mp-motorsport-domina-en-casa\/\" \/>\n<meta property=\"og:site_name\" content=\"Eurocup-3\" \/>\n<meta property=\"article:modified_time\" content=\"2025-08-11T06:30:21+00:00\" \/>\n<meta property=\"og:image\" content=\"https:\/\/eurocup3.org\/wp-content\/uploads\/sites\/4\/2025\/08\/122A7869.jpg\" \/>\n\t<meta property=\"og:image:width\" content=\"2500\" \/>\n\t<meta property=\"og:image:height\" content=\"1667\" \/>\n\t<meta property=\"og:image:type\" content=\"image\/jpeg\" \/>\n<meta name=\"twitter:card\" content=\"summary_large_image\" \/>\n<meta name=\"twitter:label1\" content=\"Tiempo de lectura\" \/>\n\t<meta name=\"twitter:data1\" content=\"3 minutos\" \/>\n<script type=\"application\/ld+json\" class=\"yoast-schema-graph\">{\"@context\":\"https:\/\/schema.org\",\"@graph\":[{\"@type\":\"NewsArticle\",\"@id\":\"https:\/\/eurocup3.org\/es\/article\/colnaghi-y-rinicella-se-reparten-la-gloria-en-assen-mientras-mp-motorsport-domina-en-casa\/#article\",\"isPartOf\":{\"@id\":\"https:\/\/eurocup3.org\/es\/article\/colnaghi-y-rinicella-se-reparten-la-gloria-en-assen-mientras-mp-motorsport-domina-en-casa\/\"},\"author\":{\"name\":\"andres\",\"@id\":\"https:\/\/eurocup3.org\/es\/#\/schema\/person\/2a034cbef760611ae42a0ac93d83cdc9\"},\"headline\":\"Colnaghi y Rinicella se reparten la gloria en Assen mientras MP Motorsport domina en casa\",\"datePublished\":\"2025-08-10T18:24:52+00:00\",\"dateModified\":\"2025-08-11T06:30:21+00:00\",\"mainEntityOfPage\":{\"@id\":\"https:\/\/eurocup3.org\/es\/article\/colnaghi-y-rinicella-se-reparten-la-gloria-en-assen-mientras-mp-motorsport-domina-en-casa\/\"},\"wordCount\":569,\"publisher\":{\"@id\":\"https:\/\/eurocup3.org\/es\/#organization\"},\"image\":{\"@id\":\"https:\/\/eurocup3.org\/es\/article\/colnaghi-y-rinicella-se-reparten-la-gloria-en-assen-mientras-mp-motorsport-domina-en-casa\/#primaryimage\"},\"thumbnailUrl\":\"https:\/\/eurocup3.org\/wp-content\/uploads\/sites\/4\/2025\/08\/122A7869.jpg\",\"keywords\":[\"Andr\u00e9s C\u00e1rdenas\",\"Campos Racing\",\"Ernesto Rivera\",\"Eurocup3\",\"Mattia Colnaghi\",\"MP Motorsport\",\"Valerio Rinicella\"],\"inLanguage\":\"es\"},{\"@type\":\"WebPage\",\"@id\":\"https:\/\/eurocup3.org\/es\/article\/colnaghi-y-rinicella-se-reparten-la-gloria-en-assen-mientras-mp-motorsport-domina-en-casa\/\",\"url\":\"https:\/\/eurocup3.org\/es\/article\/colnaghi-y-rinicella-se-reparten-la-gloria-en-assen-mientras-mp-motorsport-domina-en-casa\/\",\"name\":\"Colnaghi y Rinicella se reparten la gloria en Assen\",\"isPartOf\":{\"@id\":\"https:\/\/eurocup3.org\/es\/#website\"},\"primaryImageOfPage\":{\"@id\":\"https:\/\/eurocup3.org\/es\/article\/colnaghi-y-rinicella-se-reparten-la-gloria-en-assen-mientras-mp-motorsport-domina-en-casa\/#primaryimage\"},\"image\":{\"@id\":\"https:\/\/eurocup3.org\/es\/article\/colnaghi-y-rinicella-se-reparten-la-gloria-en-assen-mientras-mp-motorsport-domina-en-casa\/#primaryimage\"},\"thumbnailUrl\":\"https:\/\/eurocup3.org\/wp-content\/uploads\/sites\/4\/2025\/08\/122A7869.jpg\",\"datePublished\":\"2025-08-10T18:24:52+00:00\",\"dateModified\":\"2025-08-11T06:30:21+00:00\",\"description\":\"La cuarta cita de la temporada trajo otro gran giro en la lucha por el t\u00edtulo, con MP Motorsport firmando una actuaci\u00f3n dominante en casa y cerrando un fin de semana perfecto en resultados.\",\"breadcrumb\":{\"@id\":\"https:\/\/eurocup3.org\/es\/article\/colnaghi-y-rinicella-se-reparten-la-gloria-en-assen-mientras-mp-motorsport-domina-en-casa\/#breadcrumb\"},\"inLanguage\":\"es\",\"potentialAction\":[{\"@type\":\"ReadAction\",\"target\":[\"https:\/\/eurocup3.org\/es\/article\/colnaghi-y-rinicella-se-reparten-la-gloria-en-assen-mientras-mp-motorsport-domina-en-casa\/\"]}]},{\"@type\":\"ImageObject\",\"inLanguage\":\"es\",\"@id\":\"https:\/\/eurocup3.org\/es\/article\/colnaghi-y-rinicella-se-reparten-la-gloria-en-assen-mientras-mp-motorsport-domina-en-casa\/#primaryimage\",\"url\":\"https:\/\/eurocup3.org\/wp-content\/uploads\/sites\/4\/2025\/08\/122A7869.jpg\",\"contentUrl\":\"https:\/\/eurocup3.org\/wp-content\/uploads\/sites\/4\/2025\/08\/122A7869.jpg\",\"width\":2500,\"height\":1667},{\"@type\":\"BreadcrumbList\",\"@id\":\"https:\/\/eurocup3.org\/es\/article\/colnaghi-y-rinicella-se-reparten-la-gloria-en-assen-mientras-mp-motorsport-domina-en-casa\/#breadcrumb\",\"itemListElement\":[{\"@type\":\"ListItem\",\"position\":1,\"name\":\"Home\",\"item\":\"https:\/\/eurocup3.org\/es\/\"},{\"@type\":\"ListItem\",\"position\":2,\"name\":\"articles\",\"item\":\"https:\/\/eurocup3.org\/es\/article\/\"},{\"@type\":\"ListItem\",\"position\":3,\"name\":\"Colnaghi y Rinicella se reparten la gloria en Assen mientras MP Motorsport domina en casa\"}]},{\"@type\":\"WebSite\",\"@id\":\"https:\/\/eurocup3.org\/es\/#website\",\"url\":\"https:\/\/eurocup3.org\/es\/\",\"name\":\"Eurocup-3\",\"description\":\"\",\"publisher\":{\"@id\":\"https:\/\/eurocup3.org\/es\/#organization\"},\"potentialAction\":[{\"@type\":\"SearchAction\",\"target\":{\"@type\":\"EntryPoint\",\"urlTemplate\":\"https:\/\/eurocup3.org\/es\/?s={search_term_string}\"},\"query-input\":{\"@type\":\"PropertyValueSpecification\",\"valueRequired\":true,\"valueName\":\"search_term_string\"}}],\"inLanguage\":\"es\"},{\"@type\":\"Organization\",\"@id\":\"https:\/\/eurocup3.org\/es\/#organization\",\"name\":\"Eurocup-3\",\"url\":\"https:\/\/eurocup3.org\/es\/\",\"logo\":{\"@type\":\"ImageObject\",\"inLanguage\":\"es\",\"@id\":\"https:\/\/eurocup3.org\/es\/#\/schema\/logo\/image\/\",\"url\":\"https:\/\/eurocup3.org\/wp-content\/uploads\/sites\/4\/2025\/05\/Isotipo-Eurocup-3-Color-@4x.png\",\"contentUrl\":\"https:\/\/eurocup3.org\/wp-content\/uploads\/sites\/4\/2025\/05\/Isotipo-Eurocup-3-Color-@4x.png\",\"width\":2132,\"height\":195,\"caption\":\"Eurocup-3\"},\"image\":{\"@id\":\"https:\/\/eurocup3.org\/es\/#\/schema\/logo\/image\/\"}},{\"@type\":\"Person\",\"@id\":\"https:\/\/eurocup3.org\/es\/#\/schema\/person\/2a034cbef760611ae42a0ac93d83cdc9\",\"name\":\"andres\",\"image\":{\"@type\":\"ImageObject\",\"inLanguage\":\"es\",\"@id\":\"https:\/\/eurocup3.org\/es\/#\/schema\/person\/image\/\",\"url\":\"https:\/\/secure.gravatar.com\/avatar\/f42c3c635964e2add4261a0c66f1d08f456c82fe08df121e963e7c57069a6468?s=96&d=mm&r=g\",\"contentUrl\":\"https:\/\/secure.gravatar.com\/avatar\/f42c3c635964e2add4261a0c66f1d08f456c82fe08df121e963e7c57069a6468?s=96&d=mm&r=g\",\"caption\":\"andres\"},\"url\":\"https:\/\/eurocup3.org\/es\/author\/andres\/\"}]}<\/script>\n<!-- \/ Yoast SEO plugin. -->","yoast_head_json":{"title":"Colnaghi y Rinicella se reparten la gloria en Assen","description":"La cuarta cita de la temporada trajo otro gran giro en la lucha por el t\u00edtulo, con MP Motorsport firmando una actuaci\u00f3n dominante en casa y cerrando un fin de semana perfecto en resultados.","robots":{"index":"index","follow":"follow","max-snippet":"max-snippet:-1","max-image-preview":"max-image-preview:large","max-video-preview":"max-video-preview:-1"},"canonical":"https:\/\/eurocup3.org\/es\/article\/colnaghi-y-rinicella-se-reparten-la-gloria-en-assen-mientras-mp-motorsport-domina-en-casa\/","og_locale":"es_ES","og_type":"article","og_title":"Colnaghi y Rinicella se reparten la gloria en Assen","og_description":"La cuarta cita de la temporada trajo otro gran giro en la lucha por el t\u00edtulo, con MP Motorsport firmando una actuaci\u00f3n dominante en casa y cerrando un fin de semana perfecto en resultados.","og_url":"https:\/\/eurocup3.org\/es\/article\/colnaghi-y-rinicella-se-reparten-la-gloria-en-assen-mientras-mp-motorsport-domina-en-casa\/","og_site_name":"Eurocup-3","article_modified_time":"2025-08-11T06:30:21+00:00","og_image":[{"width":2500,"height":1667,"url":"https:\/\/eurocup3.org\/wp-content\/uploads\/sites\/4\/2025\/08\/122A7869.jpg","type":"image\/jpeg"}],"twitter_card":"summary_large_image","twitter_misc":{"Tiempo de lectura":"3 minutos"},"schema":{"@context":"https:\/\/schema.org","@graph":[{"@type":"NewsArticle","@id":"https:\/\/eurocup3.org\/es\/article\/colnaghi-y-rinicella-se-reparten-la-gloria-en-assen-mientras-mp-motorsport-domina-en-casa\/#article","isPartOf":{"@id":"https:\/\/eurocup3.org\/es\/article\/colnaghi-y-rinicella-se-reparten-la-gloria-en-assen-mientras-mp-motorsport-domina-en-casa\/"},"author":{"name":"andres","@id":"https:\/\/eurocup3.org\/es\/#\/schema\/person\/2a034cbef760611ae42a0ac93d83cdc9"},"headline":"Colnaghi y Rinicella se reparten la gloria en Assen mientras MP Motorsport domina en casa","datePublished":"2025-08-10T18:24:52+00:00","dateModified":"2025-08-11T06:30:21+00:00","mainEntityOfPage":{"@id":"https:\/\/eurocup3.org\/es\/article\/colnaghi-y-rinicella-se-reparten-la-gloria-en-assen-mientras-mp-motorsport-domina-en-casa\/"},"wordCount":569,"publisher":{"@id":"https:\/\/eurocup3.org\/es\/#organization"},"image":{"@id":"https:\/\/eurocup3.org\/es\/article\/colnaghi-y-rinicella-se-reparten-la-gloria-en-assen-mientras-mp-motorsport-domina-en-casa\/#primaryimage"},"thumbnailUrl":"https:\/\/eurocup3.org\/wp-content\/uploads\/sites\/4\/2025\/08\/122A7869.jpg","keywords":["Andr\u00e9s C\u00e1rdenas","Campos Racing","Ernesto Rivera","Eurocup3","Mattia Colnaghi","MP Motorsport","Valerio Rinicella"],"inLanguage":"es"},{"@type":"WebPage","@id":"https:\/\/eurocup3.org\/es\/article\/colnaghi-y-rinicella-se-reparten-la-gloria-en-assen-mientras-mp-motorsport-domina-en-casa\/","url":"https:\/\/eurocup3.org\/es\/article\/colnaghi-y-rinicella-se-reparten-la-gloria-en-assen-mientras-mp-motorsport-domina-en-casa\/","name":"Colnaghi y Rinicella se reparten la gloria en Assen","isPartOf":{"@id":"https:\/\/eurocup3.org\/es\/#website"},"primaryImageOfPage":{"@id":"https:\/\/eurocup3.org\/es\/article\/colnaghi-y-rinicella-se-reparten-la-gloria-en-assen-mientras-mp-motorsport-domina-en-casa\/#primaryimage"},"image":{"@id":"https:\/\/eurocup3.org\/es\/article\/colnaghi-y-rinicella-se-reparten-la-gloria-en-assen-mientras-mp-motorsport-domina-en-casa\/#primaryimage"},"thumbnailUrl":"https:\/\/eurocup3.org\/wp-content\/uploads\/sites\/4\/2025\/08\/122A7869.jpg","datePublished":"2025-08-10T18:24:52+00:00","dateModified":"2025-08-11T06:30:21+00:00","description":"La cuarta cita de la temporada trajo otro gran giro en la lucha por el t\u00edtulo, con MP Motorsport firmando una actuaci\u00f3n dominante en casa y cerrando un fin de semana perfecto en resultados.","breadcrumb":{"@id":"https:\/\/eurocup3.org\/es\/article\/colnaghi-y-rinicella-se-reparten-la-gloria-en-assen-mientras-mp-motorsport-domina-en-casa\/#breadcrumb"},"inLanguage":"es","potentialAction":[{"@type":"ReadAction","target":["https:\/\/eurocup3.org\/es\/article\/colnaghi-y-rinicella-se-reparten-la-gloria-en-assen-mientras-mp-motorsport-domina-en-casa\/"]}]},{"@type":"ImageObject","inLanguage":"es","@id":"https:\/\/eurocup3.org\/es\/article\/colnaghi-y-rinicella-se-reparten-la-gloria-en-assen-mientras-mp-motorsport-domina-en-casa\/#primaryimage","url":"https:\/\/eurocup3.org\/wp-content\/uploads\/sites\/4\/2025\/08\/122A7869.jpg","contentUrl":"https:\/\/eurocup3.org\/wp-content\/uploads\/sites\/4\/2025\/08\/122A7869.jpg","width":2500,"height":1667},{"@type":"BreadcrumbList","@id":"https:\/\/eurocup3.org\/es\/article\/colnaghi-y-rinicella-se-reparten-la-gloria-en-assen-mientras-mp-motorsport-domina-en-casa\/#breadcrumb","itemListElement":[{"@type":"ListItem","position":1,"name":"Home","item":"https:\/\/eurocup3.org\/es\/"},{"@type":"ListItem","position":2,"name":"articles","item":"https:\/\/eurocup3.org\/es\/article\/"},{"@type":"ListItem","position":3,"name":"Colnaghi y Rinicella se reparten la gloria en Assen mientras MP Motorsport domina en casa"}]},{"@type":"WebSite","@id":"https:\/\/eurocup3.org\/es\/#website","url":"https:\/\/eurocup3.org\/es\/","name":"Eurocup-3","description":"","publisher":{"@id":"https:\/\/eurocup3.org\/es\/#organization"},"potentialAction":[{"@type":"SearchAction","target":{"@type":"EntryPoint","urlTemplate":"https:\/\/eurocup3.org\/es\/?s={search_term_string}"},"query-input":{"@type":"PropertyValueSpecification","valueRequired":true,"valueName":"search_term_string"}}],"inLanguage":"es"},{"@type":"Organization","@id":"https:\/\/eurocup3.org\/es\/#organization","name":"Eurocup-3","url":"https:\/\/eurocup3.org\/es\/","logo":{"@type":"ImageObject","inLanguage":"es","@id":"https:\/\/eurocup3.org\/es\/#\/schema\/logo\/image\/","url":"https:\/\/eurocup3.org\/wp-content\/uploads\/sites\/4\/2025\/05\/Isotipo-Eurocup-3-Color-@4x.png","contentUrl":"https:\/\/eurocup3.org\/wp-content\/uploads\/sites\/4\/2025\/05\/Isotipo-Eurocup-3-Color-@4x.png","width":2132,"height":195,"caption":"Eurocup-3"},"image":{"@id":"https:\/\/eurocup3.org\/es\/#\/schema\/logo\/image\/"}},{"@type":"Person","@id":"https:\/\/eurocup3.org\/es\/#\/schema\/person\/2a034cbef760611ae42a0ac93d83cdc9","name":"andres","image":{"@type":"ImageObject","inLanguage":"es","@id":"https:\/\/eurocup3.org\/es\/#\/schema\/person\/image\/","url":"https:\/\/secure.gravatar.com\/avatar\/f42c3c635964e2add4261a0c66f1d08f456c82fe08df121e963e7c57069a6468?s=96&d=mm&r=g","contentUrl":"https:\/\/secure.gravatar.com\/avatar\/f42c3c635964e2add4261a0c66f1d08f456c82fe08df121e963e7c57069a6468?s=96&d=mm&r=g","caption":"andres"},"url":"https:\/\/eurocup3.org\/es\/author\/andres\/"}]}},"_links":{"self":[{"href":"https:\/\/eurocup3.org\/es\/wp-json\/wp\/v2\/articles\/1400","targetHints":{"allow":["GET"]}}],"collection":[{"href":"https:\/\/eurocup3.org\/es\/wp-json\/wp\/v2\/articles"}],"about":[{"href":"https:\/\/eurocup3.org\/es\/wp-json\/wp\/v2\/types\/article"}],"author":[{"embeddable":true,"href":"https:\/\/eurocup3.org\/es\/wp-json\/wp\/v2\/users\/6"}],"version-history":[{"count":3,"href":"https:\/\/eurocup3.org\/es\/wp-json\/wp\/v2\/articles\/1400\/revisions"}],"predecessor-version":[{"id":1404,"href":"https:\/\/eurocup3.org\/es\/wp-json\/wp\/v2\/articles\/1400\/revisions\/1404"}],"wp:featuredmedia":[{"embeddable":true,"href":"https:\/\/eurocup3.org\/es\/wp-json\/wp\/v2\/media\/1397"}],"wp:attachment":[{"href":"https:\/\/eurocup3.org\/es\/wp-json\/wp\/v2\/media?parent=1400"}],"wp:term":[{"taxonomy":"category","embeddable":true,"href":"https:\/\/eurocup3.org\/es\/wp-json\/wp\/v2\/categories?post=1400"},{"taxonomy":"post_tag","embeddable":true,"href":"https:\/\/eurocup3.org\/es\/wp-json\/wp\/v2\/tags?post=1400"}],"curies":[{"name":"wp","href":"https:\/\/api.w.org\/{rel}","templated":true}]}}