{"id":1362,"date":"2025-08-06T09:09:42","date_gmt":"2025-08-06T09:09:42","guid":{"rendered":"https:\/\/eurocup3.org\/?post_type=article&#038;p=1362"},"modified":"2025-08-06T09:09:47","modified_gmt":"2025-08-06T09:09:47","slug":"eurocup-3-llega-al-circuito-tt-de-assen-al-iniciar-la-segunda-mitad-de-la-temporada","status":"publish","type":"article","link":"https:\/\/eurocup3.org\/es\/article\/eurocup-3-llega-al-circuito-tt-de-assen-al-iniciar-la-segunda-mitad-de-la-temporada\/","title":{"rendered":"EUROCUP-3 LLEGA AL CIRCUITO TT DE ASSEN AL INICIAR LA SEGUNDA MITAD DE LA TEMPORADA"},"content":{"rendered":"\n<p>El campeonato Eurocup-3 2025 entra en su segunda mitad este fin de semana, cuando la parrilla se dirija al <strong>Circuito TT de Assen<\/strong> para la Ronda 5 de la temporada. Conocido por su rica herencia en motorsport y su trazado fluido, el circuito holand\u00e9s promete otro fin de semana de carreras de alta tensi\u00f3n en lo que se ha convertido en una de las temporadas m\u00e1s disputadas de Eurocup-3 hasta la fecha. <\/p>\n\n<p>La ronda anterior en Monza entreg\u00f3 el caos y la imprevisibilidad esperados del Templo de la Velocidad. <strong>Ernesto Rivera<\/strong> logr\u00f3 una victoria vital en la Carrera 1 y mostr\u00f3 una consistencia notable a lo largo del fin de semana, actuaciones que le valieron el liderazgo del campeonato con 136 puntos. <strong>Mattia Colnaghi<\/strong> respondi\u00f3 con una brillante conducci\u00f3n para ganar la Carrera 2, su tercera victoria de la temporada, y ahora se sit\u00faa a solo cuatro puntos, con 132. Por su parte, <strong>Valerio Rinicella<\/strong> sigue ascendiendo en la clasificaci\u00f3n gracias a un fuerte doble podio en Monza, su cuarto en las \u00faltimas cinco carreras, lo que lo coloca tercero en la general con 124 puntos. <strong>Kacper Sztuka<\/strong>, que lleg\u00f3 a Italia como l\u00edder de puntos, sufri\u00f3 un fin de semana complicado y ahora ocupa la cuarta posici\u00f3n con 109 puntos.    <\/p>\n\n<p>En el campeonato de equipos, <strong>MP Motorsport<\/strong> lidera con 286 puntos, por delante de <strong>Campos Racing<\/strong> con 219 y <strong>Griffin Core by Campos<\/strong> con 187, lo que establece el escenario para una lucha cerrada tanto en la clasificaci\u00f3n de pilotos como de equipos a medida que se desarrolla la segunda mitad de la temporada.<\/p>\n\n<p>Assen presenta un desaf\u00edo muy diferente. Conocido como \u201c<strong>La Catedral de la Velocidad<\/strong>\u201d en las carreras de motociclismo, el Circuito TT es famoso por sus r\u00e1pidas curvas de barrido, cambios r\u00e1pidos de direcci\u00f3n y una l\u00ednea de carrera estrecha, factores que premian el ritmo y la precisi\u00f3n. Las principales oportunidades de adelantamiento se pueden encontrar en la Curva 1, la horquilla de Strubben en la Curva 5, y la \u00faltima chicana, donde los frenazos tard\u00edos suelen generar dramas en la \u00faltima vuelta. Sin embargo, los l\u00edmites de la pista y la sensibilidad al viento pueden complicar la clasificaci\u00f3n, lo que hace que cada vuelta sea crucial.   <\/p>\n\n<p>Todas las sesiones ser\u00e1n transmitidas en vivo y de forma gratuita en el <a href=\"https:\/\/www.youtube.com\/@eurocup-3\">canal oficial de YouTube de Eurocup-3,<\/a> con aficionados de todo el mundo siguiendo el campeonato en esta fase decisiva.<\/p>\n\n<p>La actividad en pista comenzar\u00e1 el viernes con 1 hora y 30 minutos de pruebas por la ma\u00f1ana, seguidas de una sesi\u00f3n de Entrenamientos Libres de 40 minutos por la tarde. El s\u00e1bado, la Clasificaci\u00f3n 1 tendr\u00e1 lugar a las 08:28, configurando la parrilla para la Carrera 1, que comenzar\u00e1 a las 11:43. La acci\u00f3n del domingo incluye la Clasificaci\u00f3n 2 a las 08:31 y la Carrera 2 a las 11:10, cerrando lo que promete ser un fin de semana clave en la campa\u00f1a de Eurocup-3 2025.  <\/p>\n","protected":false},"excerpt":{"rendered":"<p>El campeonato Eurocup-3 2025 entra en su segunda mitad este fin de semana, cuando la parrilla se dirija al Circuito [&hellip;]<\/p>\n","protected":false},"author":7,"featured_media":1360,"template":"","format":"standard","meta":{"_acf_changed":false,"r1-race-rules":"","r1cancelledevent":false,"r1completed":false,"r1onreview":false,"first_race":"%5B%5D","r2-race-rules":"","r2cancelledevent":false,"r2completed":false,"r2onreview":false,"second_race":"%5B%5D","r3-race-rules":"","r3cancelledevent":false,"r3completed":false,"r3onreview":false,"third_race":"%5B%5D","show-schedule":false,"show-day-1":false,"schedule1date":"","schedule1":"%5B%5D","show-day-2":false,"schedule2date":"","schedule2":"%5B%5D","show-day-3":false,"schedule3date":"","show-day-4":false,"schedule4date":"","schedule3":"%5B%5D","schedule4":"%5B%5D","q1-race-rules":"","q1cancelledevent":false,"q1completed":false,"q1onreview":false,"qualy1":"%5B%5D","q2-race-rules":"","q2cancelledevent":false,"q2completed":false,"q2onreview":false,"qualy2":"%5B%5D","p2cancelledevent":false,"practice-2":"%5B%5D","p1cancelledevent":false,"practice-1":"%5B%5D","drivers-list":"%5B%5D","teams-list":"%5B%5D","footnotes":""},"categories":[],"tags":[77,65,103,63,100,64],"class_list":["post-1362","article","type-article","status-publish","format-standard","has-post-thumbnail","hentry","tag-assen-es","tag-campos-racing-es","tag-ernesto-rivera-es","tag-eurocup3-es","tag-mattia-colnaghi-es","tag-mp-motorsport-es"],"acf":[],"yoast_head":"<!-- This site is optimized with the Yoast SEO plugin v26.2 - https:\/\/yoast.com\/wordpress\/plugins\/seo\/ -->\n<title>EUROCUP-3 LLEGA AL CIRCUITO TT DE ASSEN<\/title>\n<meta name=\"description\" content=\"El campeonato Eurocup-3 2025 entra en su segunda mitad este fin de semana, cuando la parrilla se dirija al Circuito TT de Assen para la Ronda 5 de la temporada.\" \/>\n<meta name=\"robots\" content=\"index, follow, max-snippet:-1, max-image-preview:large, max-video-preview:-1\" \/>\n<link rel=\"canonical\" href=\"https:\/\/eurocup3.org\/es\/article\/eurocup-3-llega-al-circuito-tt-de-assen-al-iniciar-la-segunda-mitad-de-la-temporada\/\" \/>\n<meta property=\"og:locale\" content=\"es_ES\" \/>\n<meta property=\"og:type\" content=\"article\" \/>\n<meta property=\"og:title\" content=\"EUROCUP-3 LLEGA AL CIRCUITO TT DE ASSEN\" \/>\n<meta property=\"og:description\" content=\"El campeonato Eurocup-3 2025 entra en su segunda mitad este fin de semana, cuando la parrilla se dirija al Circuito TT de Assen para la Ronda 5 de la temporada.\" \/>\n<meta property=\"og:url\" content=\"https:\/\/eurocup3.org\/es\/article\/eurocup-3-llega-al-circuito-tt-de-assen-al-iniciar-la-segunda-mitad-de-la-temporada\/\" \/>\n<meta property=\"og:site_name\" content=\"Eurocup-3\" \/>\n<meta property=\"article:modified_time\" content=\"2025-08-06T09:09:47+00:00\" \/>\n<meta property=\"og:image\" content=\"https:\/\/eurocup3.org\/wp-content\/uploads\/sites\/4\/2025\/08\/122A8238-1-1-1-1-scaled.jpg\" \/>\n\t<meta property=\"og:image:width\" content=\"2560\" \/>\n\t<meta property=\"og:image:height\" content=\"1707\" \/>\n\t<meta property=\"og:image:type\" content=\"image\/jpeg\" \/>\n<meta name=\"twitter:card\" content=\"summary_large_image\" \/>\n<meta name=\"twitter:label1\" content=\"Tiempo de lectura\" \/>\n\t<meta name=\"twitter:data1\" content=\"2 minutos\" \/>\n<script type=\"application\/ld+json\" class=\"yoast-schema-graph\">{\"@context\":\"https:\/\/schema.org\",\"@graph\":[{\"@type\":\"NewsArticle\",\"@id\":\"https:\/\/eurocup3.org\/es\/article\/eurocup-3-llega-al-circuito-tt-de-assen-al-iniciar-la-segunda-mitad-de-la-temporada\/#article\",\"isPartOf\":{\"@id\":\"https:\/\/eurocup3.org\/es\/article\/eurocup-3-llega-al-circuito-tt-de-assen-al-iniciar-la-segunda-mitad-de-la-temporada\/\"},\"author\":{\"name\":\"elena\",\"@id\":\"https:\/\/eurocup3.org\/es\/#\/schema\/person\/a49aed31264371a8ebe028a6f00cc114\"},\"headline\":\"EUROCUP-3 LLEGA AL CIRCUITO TT DE ASSEN AL INICIAR LA SEGUNDA MITAD DE LA TEMPORADA\",\"datePublished\":\"2025-08-06T09:09:42+00:00\",\"dateModified\":\"2025-08-06T09:09:47+00:00\",\"mainEntityOfPage\":{\"@id\":\"https:\/\/eurocup3.org\/es\/article\/eurocup-3-llega-al-circuito-tt-de-assen-al-iniciar-la-segunda-mitad-de-la-temporada\/\"},\"wordCount\":506,\"publisher\":{\"@id\":\"https:\/\/eurocup3.org\/es\/#organization\"},\"image\":{\"@id\":\"https:\/\/eurocup3.org\/es\/article\/eurocup-3-llega-al-circuito-tt-de-assen-al-iniciar-la-segunda-mitad-de-la-temporada\/#primaryimage\"},\"thumbnailUrl\":\"https:\/\/eurocup3.org\/wp-content\/uploads\/sites\/4\/2025\/08\/122A8238-1-1-1-1-scaled.jpg\",\"keywords\":[\"Assen\",\"Campos Racing\",\"Ernesto Rivera\",\"Eurocup3\",\"Mattia Colnaghi\",\"MP Motorsport\"],\"inLanguage\":\"es\"},{\"@type\":\"WebPage\",\"@id\":\"https:\/\/eurocup3.org\/es\/article\/eurocup-3-llega-al-circuito-tt-de-assen-al-iniciar-la-segunda-mitad-de-la-temporada\/\",\"url\":\"https:\/\/eurocup3.org\/es\/article\/eurocup-3-llega-al-circuito-tt-de-assen-al-iniciar-la-segunda-mitad-de-la-temporada\/\",\"name\":\"EUROCUP-3 LLEGA AL CIRCUITO TT DE ASSEN\",\"isPartOf\":{\"@id\":\"https:\/\/eurocup3.org\/es\/#website\"},\"primaryImageOfPage\":{\"@id\":\"https:\/\/eurocup3.org\/es\/article\/eurocup-3-llega-al-circuito-tt-de-assen-al-iniciar-la-segunda-mitad-de-la-temporada\/#primaryimage\"},\"image\":{\"@id\":\"https:\/\/eurocup3.org\/es\/article\/eurocup-3-llega-al-circuito-tt-de-assen-al-iniciar-la-segunda-mitad-de-la-temporada\/#primaryimage\"},\"thumbnailUrl\":\"https:\/\/eurocup3.org\/wp-content\/uploads\/sites\/4\/2025\/08\/122A8238-1-1-1-1-scaled.jpg\",\"datePublished\":\"2025-08-06T09:09:42+00:00\",\"dateModified\":\"2025-08-06T09:09:47+00:00\",\"description\":\"El campeonato Eurocup-3 2025 entra en su segunda mitad este fin de semana, cuando la parrilla se dirija al Circuito TT de Assen para la Ronda 5 de la temporada.\",\"breadcrumb\":{\"@id\":\"https:\/\/eurocup3.org\/es\/article\/eurocup-3-llega-al-circuito-tt-de-assen-al-iniciar-la-segunda-mitad-de-la-temporada\/#breadcrumb\"},\"inLanguage\":\"es\",\"potentialAction\":[{\"@type\":\"ReadAction\",\"target\":[\"https:\/\/eurocup3.org\/es\/article\/eurocup-3-llega-al-circuito-tt-de-assen-al-iniciar-la-segunda-mitad-de-la-temporada\/\"]}]},{\"@type\":\"ImageObject\",\"inLanguage\":\"es\",\"@id\":\"https:\/\/eurocup3.org\/es\/article\/eurocup-3-llega-al-circuito-tt-de-assen-al-iniciar-la-segunda-mitad-de-la-temporada\/#primaryimage\",\"url\":\"https:\/\/eurocup3.org\/wp-content\/uploads\/sites\/4\/2025\/08\/122A8238-1-1-1-1-scaled.jpg\",\"contentUrl\":\"https:\/\/eurocup3.org\/wp-content\/uploads\/sites\/4\/2025\/08\/122A8238-1-1-1-1-scaled.jpg\",\"width\":2560,\"height\":1707},{\"@type\":\"BreadcrumbList\",\"@id\":\"https:\/\/eurocup3.org\/es\/article\/eurocup-3-llega-al-circuito-tt-de-assen-al-iniciar-la-segunda-mitad-de-la-temporada\/#breadcrumb\",\"itemListElement\":[{\"@type\":\"ListItem\",\"position\":1,\"name\":\"Home\",\"item\":\"https:\/\/eurocup3.org\/es\/\"},{\"@type\":\"ListItem\",\"position\":2,\"name\":\"articles\",\"item\":\"https:\/\/eurocup3.org\/es\/article\/\"},{\"@type\":\"ListItem\",\"position\":3,\"name\":\"EUROCUP-3 LLEGA AL CIRCUITO TT DE ASSEN AL INICIAR LA SEGUNDA MITAD DE LA TEMPORADA\"}]},{\"@type\":\"WebSite\",\"@id\":\"https:\/\/eurocup3.org\/es\/#website\",\"url\":\"https:\/\/eurocup3.org\/es\/\",\"name\":\"Eurocup-3\",\"description\":\"\",\"publisher\":{\"@id\":\"https:\/\/eurocup3.org\/es\/#organization\"},\"potentialAction\":[{\"@type\":\"SearchAction\",\"target\":{\"@type\":\"EntryPoint\",\"urlTemplate\":\"https:\/\/eurocup3.org\/es\/?s={search_term_string}\"},\"query-input\":{\"@type\":\"PropertyValueSpecification\",\"valueRequired\":true,\"valueName\":\"search_term_string\"}}],\"inLanguage\":\"es\"},{\"@type\":\"Organization\",\"@id\":\"https:\/\/eurocup3.org\/es\/#organization\",\"name\":\"Eurocup-3\",\"url\":\"https:\/\/eurocup3.org\/es\/\",\"logo\":{\"@type\":\"ImageObject\",\"inLanguage\":\"es\",\"@id\":\"https:\/\/eurocup3.org\/es\/#\/schema\/logo\/image\/\",\"url\":\"https:\/\/eurocup3.org\/wp-content\/uploads\/sites\/4\/2025\/05\/Isotipo-Eurocup-3-Color-@4x.png\",\"contentUrl\":\"https:\/\/eurocup3.org\/wp-content\/uploads\/sites\/4\/2025\/05\/Isotipo-Eurocup-3-Color-@4x.png\",\"width\":2132,\"height\":195,\"caption\":\"Eurocup-3\"},\"image\":{\"@id\":\"https:\/\/eurocup3.org\/es\/#\/schema\/logo\/image\/\"}},{\"@type\":\"Person\",\"@id\":\"https:\/\/eurocup3.org\/es\/#\/schema\/person\/a49aed31264371a8ebe028a6f00cc114\",\"name\":\"elena\",\"image\":{\"@type\":\"ImageObject\",\"inLanguage\":\"es\",\"@id\":\"https:\/\/eurocup3.org\/es\/#\/schema\/person\/image\/\",\"url\":\"https:\/\/secure.gravatar.com\/avatar\/f71dccf5b834185364ee3fa97b7dcad1ec1f3d89002446dae3cd97ed716037a7?s=96&d=mm&r=g\",\"contentUrl\":\"https:\/\/secure.gravatar.com\/avatar\/f71dccf5b834185364ee3fa97b7dcad1ec1f3d89002446dae3cd97ed716037a7?s=96&d=mm&r=g\",\"caption\":\"elena\"},\"url\":\"https:\/\/eurocup3.org\/es\/author\/elena\/\"}]}<\/script>\n<!-- \/ Yoast SEO plugin. -->","yoast_head_json":{"title":"EUROCUP-3 LLEGA AL CIRCUITO TT DE ASSEN","description":"El campeonato Eurocup-3 2025 entra en su segunda mitad este fin de semana, cuando la parrilla se dirija al Circuito TT de Assen para la Ronda 5 de la temporada.","robots":{"index":"index","follow":"follow","max-snippet":"max-snippet:-1","max-image-preview":"max-image-preview:large","max-video-preview":"max-video-preview:-1"},"canonical":"https:\/\/eurocup3.org\/es\/article\/eurocup-3-llega-al-circuito-tt-de-assen-al-iniciar-la-segunda-mitad-de-la-temporada\/","og_locale":"es_ES","og_type":"article","og_title":"EUROCUP-3 LLEGA AL CIRCUITO TT DE ASSEN","og_description":"El campeonato Eurocup-3 2025 entra en su segunda mitad este fin de semana, cuando la parrilla se dirija al Circuito TT de Assen para la Ronda 5 de la temporada.","og_url":"https:\/\/eurocup3.org\/es\/article\/eurocup-3-llega-al-circuito-tt-de-assen-al-iniciar-la-segunda-mitad-de-la-temporada\/","og_site_name":"Eurocup-3","article_modified_time":"2025-08-06T09:09:47+00:00","og_image":[{"width":2560,"height":1707,"url":"https:\/\/eurocup3.org\/wp-content\/uploads\/sites\/4\/2025\/08\/122A8238-1-1-1-1-scaled.jpg","type":"image\/jpeg"}],"twitter_card":"summary_large_image","twitter_misc":{"Tiempo de lectura":"2 minutos"},"schema":{"@context":"https:\/\/schema.org","@graph":[{"@type":"NewsArticle","@id":"https:\/\/eurocup3.org\/es\/article\/eurocup-3-llega-al-circuito-tt-de-assen-al-iniciar-la-segunda-mitad-de-la-temporada\/#article","isPartOf":{"@id":"https:\/\/eurocup3.org\/es\/article\/eurocup-3-llega-al-circuito-tt-de-assen-al-iniciar-la-segunda-mitad-de-la-temporada\/"},"author":{"name":"elena","@id":"https:\/\/eurocup3.org\/es\/#\/schema\/person\/a49aed31264371a8ebe028a6f00cc114"},"headline":"EUROCUP-3 LLEGA AL CIRCUITO TT DE ASSEN AL INICIAR LA SEGUNDA MITAD DE LA TEMPORADA","datePublished":"2025-08-06T09:09:42+00:00","dateModified":"2025-08-06T09:09:47+00:00","mainEntityOfPage":{"@id":"https:\/\/eurocup3.org\/es\/article\/eurocup-3-llega-al-circuito-tt-de-assen-al-iniciar-la-segunda-mitad-de-la-temporada\/"},"wordCount":506,"publisher":{"@id":"https:\/\/eurocup3.org\/es\/#organization"},"image":{"@id":"https:\/\/eurocup3.org\/es\/article\/eurocup-3-llega-al-circuito-tt-de-assen-al-iniciar-la-segunda-mitad-de-la-temporada\/#primaryimage"},"thumbnailUrl":"https:\/\/eurocup3.org\/wp-content\/uploads\/sites\/4\/2025\/08\/122A8238-1-1-1-1-scaled.jpg","keywords":["Assen","Campos Racing","Ernesto Rivera","Eurocup3","Mattia Colnaghi","MP Motorsport"],"inLanguage":"es"},{"@type":"WebPage","@id":"https:\/\/eurocup3.org\/es\/article\/eurocup-3-llega-al-circuito-tt-de-assen-al-iniciar-la-segunda-mitad-de-la-temporada\/","url":"https:\/\/eurocup3.org\/es\/article\/eurocup-3-llega-al-circuito-tt-de-assen-al-iniciar-la-segunda-mitad-de-la-temporada\/","name":"EUROCUP-3 LLEGA AL CIRCUITO TT DE ASSEN","isPartOf":{"@id":"https:\/\/eurocup3.org\/es\/#website"},"primaryImageOfPage":{"@id":"https:\/\/eurocup3.org\/es\/article\/eurocup-3-llega-al-circuito-tt-de-assen-al-iniciar-la-segunda-mitad-de-la-temporada\/#primaryimage"},"image":{"@id":"https:\/\/eurocup3.org\/es\/article\/eurocup-3-llega-al-circuito-tt-de-assen-al-iniciar-la-segunda-mitad-de-la-temporada\/#primaryimage"},"thumbnailUrl":"https:\/\/eurocup3.org\/wp-content\/uploads\/sites\/4\/2025\/08\/122A8238-1-1-1-1-scaled.jpg","datePublished":"2025-08-06T09:09:42+00:00","dateModified":"2025-08-06T09:09:47+00:00","description":"El campeonato Eurocup-3 2025 entra en su segunda mitad este fin de semana, cuando la parrilla se dirija al Circuito TT de Assen para la Ronda 5 de la temporada.","breadcrumb":{"@id":"https:\/\/eurocup3.org\/es\/article\/eurocup-3-llega-al-circuito-tt-de-assen-al-iniciar-la-segunda-mitad-de-la-temporada\/#breadcrumb"},"inLanguage":"es","potentialAction":[{"@type":"ReadAction","target":["https:\/\/eurocup3.org\/es\/article\/eurocup-3-llega-al-circuito-tt-de-assen-al-iniciar-la-segunda-mitad-de-la-temporada\/"]}]},{"@type":"ImageObject","inLanguage":"es","@id":"https:\/\/eurocup3.org\/es\/article\/eurocup-3-llega-al-circuito-tt-de-assen-al-iniciar-la-segunda-mitad-de-la-temporada\/#primaryimage","url":"https:\/\/eurocup3.org\/wp-content\/uploads\/sites\/4\/2025\/08\/122A8238-1-1-1-1-scaled.jpg","contentUrl":"https:\/\/eurocup3.org\/wp-content\/uploads\/sites\/4\/2025\/08\/122A8238-1-1-1-1-scaled.jpg","width":2560,"height":1707},{"@type":"BreadcrumbList","@id":"https:\/\/eurocup3.org\/es\/article\/eurocup-3-llega-al-circuito-tt-de-assen-al-iniciar-la-segunda-mitad-de-la-temporada\/#breadcrumb","itemListElement":[{"@type":"ListItem","position":1,"name":"Home","item":"https:\/\/eurocup3.org\/es\/"},{"@type":"ListItem","position":2,"name":"articles","item":"https:\/\/eurocup3.org\/es\/article\/"},{"@type":"ListItem","position":3,"name":"EUROCUP-3 LLEGA AL CIRCUITO TT DE ASSEN AL INICIAR LA SEGUNDA MITAD DE LA TEMPORADA"}]},{"@type":"WebSite","@id":"https:\/\/eurocup3.org\/es\/#website","url":"https:\/\/eurocup3.org\/es\/","name":"Eurocup-3","description":"","publisher":{"@id":"https:\/\/eurocup3.org\/es\/#organization"},"potentialAction":[{"@type":"SearchAction","target":{"@type":"EntryPoint","urlTemplate":"https:\/\/eurocup3.org\/es\/?s={search_term_string}"},"query-input":{"@type":"PropertyValueSpecification","valueRequired":true,"valueName":"search_term_string"}}],"inLanguage":"es"},{"@type":"Organization","@id":"https:\/\/eurocup3.org\/es\/#organization","name":"Eurocup-3","url":"https:\/\/eurocup3.org\/es\/","logo":{"@type":"ImageObject","inLanguage":"es","@id":"https:\/\/eurocup3.org\/es\/#\/schema\/logo\/image\/","url":"https:\/\/eurocup3.org\/wp-content\/uploads\/sites\/4\/2025\/05\/Isotipo-Eurocup-3-Color-@4x.png","contentUrl":"https:\/\/eurocup3.org\/wp-content\/uploads\/sites\/4\/2025\/05\/Isotipo-Eurocup-3-Color-@4x.png","width":2132,"height":195,"caption":"Eurocup-3"},"image":{"@id":"https:\/\/eurocup3.org\/es\/#\/schema\/logo\/image\/"}},{"@type":"Person","@id":"https:\/\/eurocup3.org\/es\/#\/schema\/person\/a49aed31264371a8ebe028a6f00cc114","name":"elena","image":{"@type":"ImageObject","inLanguage":"es","@id":"https:\/\/eurocup3.org\/es\/#\/schema\/person\/image\/","url":"https:\/\/secure.gravatar.com\/avatar\/f71dccf5b834185364ee3fa97b7dcad1ec1f3d89002446dae3cd97ed716037a7?s=96&d=mm&r=g","contentUrl":"https:\/\/secure.gravatar.com\/avatar\/f71dccf5b834185364ee3fa97b7dcad1ec1f3d89002446dae3cd97ed716037a7?s=96&d=mm&r=g","caption":"elena"},"url":"https:\/\/eurocup3.org\/es\/author\/elena\/"}]}},"_links":{"self":[{"href":"https:\/\/eurocup3.org\/es\/wp-json\/wp\/v2\/articles\/1362","targetHints":{"allow":["GET"]}}],"collection":[{"href":"https:\/\/eurocup3.org\/es\/wp-json\/wp\/v2\/articles"}],"about":[{"href":"https:\/\/eurocup3.org\/es\/wp-json\/wp\/v2\/types\/article"}],"author":[{"embeddable":true,"href":"https:\/\/eurocup3.org\/es\/wp-json\/wp\/v2\/users\/7"}],"version-history":[{"count":2,"href":"https:\/\/eurocup3.org\/es\/wp-json\/wp\/v2\/articles\/1362\/revisions"}],"predecessor-version":[{"id":1364,"href":"https:\/\/eurocup3.org\/es\/wp-json\/wp\/v2\/articles\/1362\/revisions\/1364"}],"wp:featuredmedia":[{"embeddable":true,"href":"https:\/\/eurocup3.org\/es\/wp-json\/wp\/v2\/media\/1360"}],"wp:attachment":[{"href":"https:\/\/eurocup3.org\/es\/wp-json\/wp\/v2\/media?parent=1362"}],"wp:term":[{"taxonomy":"category","embeddable":true,"href":"https:\/\/eurocup3.org\/es\/wp-json\/wp\/v2\/categories?post=1362"},{"taxonomy":"post_tag","embeddable":true,"href":"https:\/\/eurocup3.org\/es\/wp-json\/wp\/v2\/tags?post=1362"}],"curies":[{"name":"wp","href":"https:\/\/api.w.org\/{rel}","templated":true}]}}