{"id":1208,"date":"2025-07-03T09:58:32","date_gmt":"2025-07-03T09:58:32","guid":{"rendered":"https:\/\/eurocup3.org\/?post_type=article&#038;p=1208"},"modified":"2025-07-03T09:58:37","modified_gmt":"2025-07-03T09:58:37","slug":"eurocup-3-se-dirige-al-templo-de-la-velocidad-con-monza-como-sede-de-la-ronda-4","status":"publish","type":"article","link":"https:\/\/eurocup3.org\/es\/article\/eurocup-3-se-dirige-al-templo-de-la-velocidad-con-monza-como-sede-de-la-ronda-4\/","title":{"rendered":"Eurocup-3 se dirige al Templo de la Velocidad con Monza como sede de la Ronda 4."},"content":{"rendered":"\n<p>El campeonato Eurocup-3 2025 llega este fin de semana a su cuarto cap\u00edtulo en el legendario Autodromo Nazionale Monza. Con la primera mitad de la temporada acerc\u00e1ndose a su fin, la lucha por el t\u00edtulo se intensifica mientras los pilotos se enfrentan a uno de los circuitos m\u00e1s ic\u00f3nicos y exigentes del automovilismo. <\/p>\n\n<p>Tras un emocionante fin de semana en Paul Ricard, hay un nuevo l\u00edder en la clasificaci\u00f3n general. El polaco <a href=\"https:\/\/eurocup3.org\/driver\/kacper-sztuka\/\">Kacper Sztuka<\/a> encabeza ahora el campeonato con 104 puntos, tras una actuaci\u00f3n dominante en Francia que incluy\u00f3 una victoria y otra s\u00f3lida sesi\u00f3n de clasificaci\u00f3n. Por detr\u00e1s, tanto <a href=\"https:\/\/eurocup3.org\/driver\/mattia-colnaghi\/\">Mattia Colnaghi<\/a> como <a href=\"https:\/\/eurocup3.org\/driver\/ernesto-rivera\/\">Ernesto Rivera<\/a> est\u00e1n empatados con 99 puntos, manteniendo la presi\u00f3n al m\u00e1ximo. Este tr\u00edo se ha consolidado como el grupo de cabeza en una temporada muy re\u00f1ida, mientras que <a href=\"https:\/\/eurocup3.org\/driver\/valerio-rinicella\/\">Valerio Rinicella<\/a> y <a href=\"https:\/\/eurocup3.org\/driver\/jesse-carrasquedo\/\">Jesse Carrasquedo<\/a> tambi\u00e9n han mostrado un ritmo constante y el potencial para irrumpir en la lucha por el t\u00edtulo.   <\/p>\n\n<p>Ahora llega Monza, una de las pruebas m\u00e1s puras de velocidad del calendario. Conocido como el \u00abTemplo de la Velocidad\u00bb, el Autodromo Nazionale Monza se caracteriza por sus largas rectas, zonas de frenada agresivas y la necesidad de configuraciones con carga aerodin\u00e1mica ultrabaja. Las principales zonas de adelantamiento incluyen la chicane de Rettifilo en la curva 1, la Variante della Roggia y la frenada hacia Ascari. Curvas de alta velocidad como la Curva Grande y la Parab\u00f3lica exigen compromiso total y una precisi\u00f3n milim\u00e9trica. Los errores se pagan caro y el efecto del rebufo puede mantener la batalla hasta la \u00faltima vuelta.    <\/p>\n\n<p>Como siempre, los aficionados podr\u00e1n seguir cada sesi\u00f3n en directo a trav\u00e9s del canal oficial de Eurocup-3 en YouTube, llevando toda la emoci\u00f3n a espectadores de todo el mundo.<\/p>\n\n<p>La actividad en pista comienza el viernes con tres horas de test, repartidas entre una sesi\u00f3n matutina de dos horas y otra vespertina de una hora. El s\u00e1bado, los Entrenamientos Libres dar\u00e1n comienzo a las 09:45, seguidos de la Clasificaci\u00f3n 1 a las 13:10 y la Carrera 1 a las 15:20. El fin de semana concluir\u00e1 el domingo con la Clasificaci\u00f3n 2 a las 10:10 y la Carrera 2 a las 13:50.  <\/p>\n\n<p>La temporada 2025 de Eurocup-3 sigue ofreciendo una emoci\u00f3n impredecible, y Monza podr\u00eda convertirse en un punto de inflexi\u00f3n en una de las campa\u00f1as m\u00e1s competitivas hasta la fecha.<br \/> <br \/> <br \/><\/p>\n","protected":false},"excerpt":{"rendered":"<p>El campeonato Eurocup-3 2025 llega este fin de semana a su cuarto cap\u00edtulo en el legendario Autodromo Nazionale Monza. Con [&hellip;]<\/p>\n","protected":false},"author":6,"featured_media":1212,"template":"","format":"standard","meta":{"_acf_changed":false,"r1-race-rules":"","r1cancelledevent":false,"r1completed":false,"r1onreview":false,"first_race":"%5B%5D","r2-race-rules":"","r2cancelledevent":false,"r2completed":false,"r2onreview":false,"second_race":"%5B%5D","r3-race-rules":"","r3cancelledevent":false,"r3completed":false,"r3onreview":false,"third_race":"%5B%5D","show-schedule":false,"show-day-1":false,"schedule1date":"","schedule1":"%5B%5D","show-day-2":false,"schedule2date":"","schedule2":"%5B%5D","show-day-3":false,"schedule3date":"","show-day-4":false,"schedule4date":"","schedule3":"%5B%5D","schedule4":"%5B%5D","q1-race-rules":"","q1cancelledevent":false,"q1completed":false,"q1onreview":false,"qualy1":"%5B%5D","q2-race-rules":"","q2cancelledevent":false,"q2completed":false,"q2onreview":false,"qualy2":"%5B%5D","p2cancelledevent":false,"practice-2":"%5B%5D","p1cancelledevent":false,"practice-1":"%5B%5D","drivers-list":"%5B%5D","teams-list":"%5B%5D","footnotes":""},"categories":[],"tags":[102,100,73,101],"class_list":["post-1208","article","type-article","status-publish","format-standard","has-post-thumbnail","hentry","tag-kacper-sztuka-es","tag-mattia-colnaghi-es","tag-monza-es","tag-valerio-rinicella-es"],"acf":[],"yoast_head":"<!-- This site is optimized with the Yoast SEO plugin v26.2 - https:\/\/yoast.com\/wordpress\/plugins\/seo\/ -->\n<title>Eurocup-3 se dirige al Templo de la Velocidad con Monza como sede de la Ronda 4.<\/title>\n<meta name=\"description\" content=\"El campeonato Eurocup-3 2025 llega este fin de semana a su cuarto cap\u00edtulo en el legendario Autodromo Nazionale Monza. Con la primera mitad de la temporada acerc\u00e1ndose a su fin, la lucha por el t\u00edtulo se intensifica mientras los pilotos se enfrentan a uno de los circuitos m\u00e1s ic\u00f3nicos y exigentes del automovilismo.\" \/>\n<meta name=\"robots\" content=\"index, follow, max-snippet:-1, max-image-preview:large, max-video-preview:-1\" \/>\n<link rel=\"canonical\" href=\"https:\/\/eurocup3.org\/es\/article\/eurocup-3-se-dirige-al-templo-de-la-velocidad-con-monza-como-sede-de-la-ronda-4\/\" \/>\n<meta property=\"og:locale\" content=\"es_ES\" \/>\n<meta property=\"og:type\" content=\"article\" \/>\n<meta property=\"og:title\" content=\"Eurocup-3 se dirige al Templo de la Velocidad con Monza como sede de la Ronda 4.\" \/>\n<meta property=\"og:description\" content=\"El campeonato Eurocup-3 2025 llega este fin de semana a su cuarto cap\u00edtulo en el legendario Autodromo Nazionale Monza. Con la primera mitad de la temporada acerc\u00e1ndose a su fin, la lucha por el t\u00edtulo se intensifica mientras los pilotos se enfrentan a uno de los circuitos m\u00e1s ic\u00f3nicos y exigentes del automovilismo.\" \/>\n<meta property=\"og:url\" content=\"https:\/\/eurocup3.org\/es\/article\/eurocup-3-se-dirige-al-templo-de-la-velocidad-con-monza-como-sede-de-la-ronda-4\/\" \/>\n<meta property=\"og:site_name\" content=\"Eurocup-3\" \/>\n<meta property=\"article:modified_time\" content=\"2025-07-03T09:58:37+00:00\" \/>\n<meta property=\"og:image\" content=\"https:\/\/eurocup3.org\/wp-content\/uploads\/sites\/4\/2025\/07\/EU3-Monza-ECR_9906-20230610-09.53-1-scaled.jpg\" \/>\n\t<meta property=\"og:image:width\" content=\"2560\" \/>\n\t<meta property=\"og:image:height\" content=\"1032\" \/>\n\t<meta property=\"og:image:type\" content=\"image\/jpeg\" \/>\n<meta name=\"twitter:card\" content=\"summary_large_image\" \/>\n<meta name=\"twitter:label1\" content=\"Tiempo de lectura\" \/>\n\t<meta name=\"twitter:data1\" content=\"2 minutos\" \/>\n<script type=\"application\/ld+json\" class=\"yoast-schema-graph\">{\"@context\":\"https:\/\/schema.org\",\"@graph\":[{\"@type\":\"NewsArticle\",\"@id\":\"https:\/\/eurocup3.org\/es\/article\/eurocup-3-se-dirige-al-templo-de-la-velocidad-con-monza-como-sede-de-la-ronda-4\/#article\",\"isPartOf\":{\"@id\":\"https:\/\/eurocup3.org\/es\/article\/eurocup-3-se-dirige-al-templo-de-la-velocidad-con-monza-como-sede-de-la-ronda-4\/\"},\"author\":{\"name\":\"andres\",\"@id\":\"https:\/\/eurocup3.org\/es\/#\/schema\/person\/2a034cbef760611ae42a0ac93d83cdc9\"},\"headline\":\"Eurocup-3 se dirige al Templo de la Velocidad con Monza como sede de la Ronda 4.\",\"datePublished\":\"2025-07-03T09:58:32+00:00\",\"dateModified\":\"2025-07-03T09:58:37+00:00\",\"mainEntityOfPage\":{\"@id\":\"https:\/\/eurocup3.org\/es\/article\/eurocup-3-se-dirige-al-templo-de-la-velocidad-con-monza-como-sede-de-la-ronda-4\/\"},\"wordCount\":425,\"publisher\":{\"@id\":\"https:\/\/eurocup3.org\/es\/#organization\"},\"image\":{\"@id\":\"https:\/\/eurocup3.org\/es\/article\/eurocup-3-se-dirige-al-templo-de-la-velocidad-con-monza-como-sede-de-la-ronda-4\/#primaryimage\"},\"thumbnailUrl\":\"https:\/\/eurocup3.org\/wp-content\/uploads\/sites\/4\/2025\/07\/EU3-Monza-ECR_9906-20230610-09.53-1-scaled.jpg\",\"keywords\":[\"Kacper Sztuka\",\"Mattia Colnaghi\",\"Monza\",\"Valerio Rinicella\"],\"inLanguage\":\"es\"},{\"@type\":\"WebPage\",\"@id\":\"https:\/\/eurocup3.org\/es\/article\/eurocup-3-se-dirige-al-templo-de-la-velocidad-con-monza-como-sede-de-la-ronda-4\/\",\"url\":\"https:\/\/eurocup3.org\/es\/article\/eurocup-3-se-dirige-al-templo-de-la-velocidad-con-monza-como-sede-de-la-ronda-4\/\",\"name\":\"Eurocup-3 se dirige al Templo de la Velocidad con Monza como sede de la Ronda 4.\",\"isPartOf\":{\"@id\":\"https:\/\/eurocup3.org\/es\/#website\"},\"primaryImageOfPage\":{\"@id\":\"https:\/\/eurocup3.org\/es\/article\/eurocup-3-se-dirige-al-templo-de-la-velocidad-con-monza-como-sede-de-la-ronda-4\/#primaryimage\"},\"image\":{\"@id\":\"https:\/\/eurocup3.org\/es\/article\/eurocup-3-se-dirige-al-templo-de-la-velocidad-con-monza-como-sede-de-la-ronda-4\/#primaryimage\"},\"thumbnailUrl\":\"https:\/\/eurocup3.org\/wp-content\/uploads\/sites\/4\/2025\/07\/EU3-Monza-ECR_9906-20230610-09.53-1-scaled.jpg\",\"datePublished\":\"2025-07-03T09:58:32+00:00\",\"dateModified\":\"2025-07-03T09:58:37+00:00\",\"description\":\"El campeonato Eurocup-3 2025 llega este fin de semana a su cuarto cap\u00edtulo en el legendario Autodromo Nazionale Monza. Con la primera mitad de la temporada acerc\u00e1ndose a su fin, la lucha por el t\u00edtulo se intensifica mientras los pilotos se enfrentan a uno de los circuitos m\u00e1s ic\u00f3nicos y exigentes del automovilismo.\",\"breadcrumb\":{\"@id\":\"https:\/\/eurocup3.org\/es\/article\/eurocup-3-se-dirige-al-templo-de-la-velocidad-con-monza-como-sede-de-la-ronda-4\/#breadcrumb\"},\"inLanguage\":\"es\",\"potentialAction\":[{\"@type\":\"ReadAction\",\"target\":[\"https:\/\/eurocup3.org\/es\/article\/eurocup-3-se-dirige-al-templo-de-la-velocidad-con-monza-como-sede-de-la-ronda-4\/\"]}]},{\"@type\":\"ImageObject\",\"inLanguage\":\"es\",\"@id\":\"https:\/\/eurocup3.org\/es\/article\/eurocup-3-se-dirige-al-templo-de-la-velocidad-con-monza-como-sede-de-la-ronda-4\/#primaryimage\",\"url\":\"https:\/\/eurocup3.org\/wp-content\/uploads\/sites\/4\/2025\/07\/EU3-Monza-ECR_9906-20230610-09.53-1-scaled.jpg\",\"contentUrl\":\"https:\/\/eurocup3.org\/wp-content\/uploads\/sites\/4\/2025\/07\/EU3-Monza-ECR_9906-20230610-09.53-1-scaled.jpg\",\"width\":2560,\"height\":1032},{\"@type\":\"BreadcrumbList\",\"@id\":\"https:\/\/eurocup3.org\/es\/article\/eurocup-3-se-dirige-al-templo-de-la-velocidad-con-monza-como-sede-de-la-ronda-4\/#breadcrumb\",\"itemListElement\":[{\"@type\":\"ListItem\",\"position\":1,\"name\":\"Home\",\"item\":\"https:\/\/eurocup3.org\/es\/\"},{\"@type\":\"ListItem\",\"position\":2,\"name\":\"articles\",\"item\":\"https:\/\/eurocup3.org\/es\/article\/\"},{\"@type\":\"ListItem\",\"position\":3,\"name\":\"Eurocup-3 se dirige al Templo de la Velocidad con Monza como sede de la Ronda 4.\"}]},{\"@type\":\"WebSite\",\"@id\":\"https:\/\/eurocup3.org\/es\/#website\",\"url\":\"https:\/\/eurocup3.org\/es\/\",\"name\":\"Eurocup-3\",\"description\":\"\",\"publisher\":{\"@id\":\"https:\/\/eurocup3.org\/es\/#organization\"},\"potentialAction\":[{\"@type\":\"SearchAction\",\"target\":{\"@type\":\"EntryPoint\",\"urlTemplate\":\"https:\/\/eurocup3.org\/es\/?s={search_term_string}\"},\"query-input\":{\"@type\":\"PropertyValueSpecification\",\"valueRequired\":true,\"valueName\":\"search_term_string\"}}],\"inLanguage\":\"es\"},{\"@type\":\"Organization\",\"@id\":\"https:\/\/eurocup3.org\/es\/#organization\",\"name\":\"Eurocup-3\",\"url\":\"https:\/\/eurocup3.org\/es\/\",\"logo\":{\"@type\":\"ImageObject\",\"inLanguage\":\"es\",\"@id\":\"https:\/\/eurocup3.org\/es\/#\/schema\/logo\/image\/\",\"url\":\"https:\/\/eurocup3.org\/wp-content\/uploads\/sites\/4\/2025\/05\/Isotipo-Eurocup-3-Color-@4x.png\",\"contentUrl\":\"https:\/\/eurocup3.org\/wp-content\/uploads\/sites\/4\/2025\/05\/Isotipo-Eurocup-3-Color-@4x.png\",\"width\":2132,\"height\":195,\"caption\":\"Eurocup-3\"},\"image\":{\"@id\":\"https:\/\/eurocup3.org\/es\/#\/schema\/logo\/image\/\"}},{\"@type\":\"Person\",\"@id\":\"https:\/\/eurocup3.org\/es\/#\/schema\/person\/2a034cbef760611ae42a0ac93d83cdc9\",\"name\":\"andres\",\"image\":{\"@type\":\"ImageObject\",\"inLanguage\":\"es\",\"@id\":\"https:\/\/eurocup3.org\/es\/#\/schema\/person\/image\/\",\"url\":\"https:\/\/secure.gravatar.com\/avatar\/f42c3c635964e2add4261a0c66f1d08f456c82fe08df121e963e7c57069a6468?s=96&d=mm&r=g\",\"contentUrl\":\"https:\/\/secure.gravatar.com\/avatar\/f42c3c635964e2add4261a0c66f1d08f456c82fe08df121e963e7c57069a6468?s=96&d=mm&r=g\",\"caption\":\"andres\"},\"url\":\"https:\/\/eurocup3.org\/es\/author\/andres\/\"}]}<\/script>\n<!-- \/ Yoast SEO plugin. -->","yoast_head_json":{"title":"Eurocup-3 se dirige al Templo de la Velocidad con Monza como sede de la Ronda 4.","description":"El campeonato Eurocup-3 2025 llega este fin de semana a su cuarto cap\u00edtulo en el legendario Autodromo Nazionale Monza. Con la primera mitad de la temporada acerc\u00e1ndose a su fin, la lucha por el t\u00edtulo se intensifica mientras los pilotos se enfrentan a uno de los circuitos m\u00e1s ic\u00f3nicos y exigentes del automovilismo.","robots":{"index":"index","follow":"follow","max-snippet":"max-snippet:-1","max-image-preview":"max-image-preview:large","max-video-preview":"max-video-preview:-1"},"canonical":"https:\/\/eurocup3.org\/es\/article\/eurocup-3-se-dirige-al-templo-de-la-velocidad-con-monza-como-sede-de-la-ronda-4\/","og_locale":"es_ES","og_type":"article","og_title":"Eurocup-3 se dirige al Templo de la Velocidad con Monza como sede de la Ronda 4.","og_description":"El campeonato Eurocup-3 2025 llega este fin de semana a su cuarto cap\u00edtulo en el legendario Autodromo Nazionale Monza. Con la primera mitad de la temporada acerc\u00e1ndose a su fin, la lucha por el t\u00edtulo se intensifica mientras los pilotos se enfrentan a uno de los circuitos m\u00e1s ic\u00f3nicos y exigentes del automovilismo.","og_url":"https:\/\/eurocup3.org\/es\/article\/eurocup-3-se-dirige-al-templo-de-la-velocidad-con-monza-como-sede-de-la-ronda-4\/","og_site_name":"Eurocup-3","article_modified_time":"2025-07-03T09:58:37+00:00","og_image":[{"width":2560,"height":1032,"url":"https:\/\/eurocup3.org\/wp-content\/uploads\/sites\/4\/2025\/07\/EU3-Monza-ECR_9906-20230610-09.53-1-scaled.jpg","type":"image\/jpeg"}],"twitter_card":"summary_large_image","twitter_misc":{"Tiempo de lectura":"2 minutos"},"schema":{"@context":"https:\/\/schema.org","@graph":[{"@type":"NewsArticle","@id":"https:\/\/eurocup3.org\/es\/article\/eurocup-3-se-dirige-al-templo-de-la-velocidad-con-monza-como-sede-de-la-ronda-4\/#article","isPartOf":{"@id":"https:\/\/eurocup3.org\/es\/article\/eurocup-3-se-dirige-al-templo-de-la-velocidad-con-monza-como-sede-de-la-ronda-4\/"},"author":{"name":"andres","@id":"https:\/\/eurocup3.org\/es\/#\/schema\/person\/2a034cbef760611ae42a0ac93d83cdc9"},"headline":"Eurocup-3 se dirige al Templo de la Velocidad con Monza como sede de la Ronda 4.","datePublished":"2025-07-03T09:58:32+00:00","dateModified":"2025-07-03T09:58:37+00:00","mainEntityOfPage":{"@id":"https:\/\/eurocup3.org\/es\/article\/eurocup-3-se-dirige-al-templo-de-la-velocidad-con-monza-como-sede-de-la-ronda-4\/"},"wordCount":425,"publisher":{"@id":"https:\/\/eurocup3.org\/es\/#organization"},"image":{"@id":"https:\/\/eurocup3.org\/es\/article\/eurocup-3-se-dirige-al-templo-de-la-velocidad-con-monza-como-sede-de-la-ronda-4\/#primaryimage"},"thumbnailUrl":"https:\/\/eurocup3.org\/wp-content\/uploads\/sites\/4\/2025\/07\/EU3-Monza-ECR_9906-20230610-09.53-1-scaled.jpg","keywords":["Kacper Sztuka","Mattia Colnaghi","Monza","Valerio Rinicella"],"inLanguage":"es"},{"@type":"WebPage","@id":"https:\/\/eurocup3.org\/es\/article\/eurocup-3-se-dirige-al-templo-de-la-velocidad-con-monza-como-sede-de-la-ronda-4\/","url":"https:\/\/eurocup3.org\/es\/article\/eurocup-3-se-dirige-al-templo-de-la-velocidad-con-monza-como-sede-de-la-ronda-4\/","name":"Eurocup-3 se dirige al Templo de la Velocidad con Monza como sede de la Ronda 4.","isPartOf":{"@id":"https:\/\/eurocup3.org\/es\/#website"},"primaryImageOfPage":{"@id":"https:\/\/eurocup3.org\/es\/article\/eurocup-3-se-dirige-al-templo-de-la-velocidad-con-monza-como-sede-de-la-ronda-4\/#primaryimage"},"image":{"@id":"https:\/\/eurocup3.org\/es\/article\/eurocup-3-se-dirige-al-templo-de-la-velocidad-con-monza-como-sede-de-la-ronda-4\/#primaryimage"},"thumbnailUrl":"https:\/\/eurocup3.org\/wp-content\/uploads\/sites\/4\/2025\/07\/EU3-Monza-ECR_9906-20230610-09.53-1-scaled.jpg","datePublished":"2025-07-03T09:58:32+00:00","dateModified":"2025-07-03T09:58:37+00:00","description":"El campeonato Eurocup-3 2025 llega este fin de semana a su cuarto cap\u00edtulo en el legendario Autodromo Nazionale Monza. Con la primera mitad de la temporada acerc\u00e1ndose a su fin, la lucha por el t\u00edtulo se intensifica mientras los pilotos se enfrentan a uno de los circuitos m\u00e1s ic\u00f3nicos y exigentes del automovilismo.","breadcrumb":{"@id":"https:\/\/eurocup3.org\/es\/article\/eurocup-3-se-dirige-al-templo-de-la-velocidad-con-monza-como-sede-de-la-ronda-4\/#breadcrumb"},"inLanguage":"es","potentialAction":[{"@type":"ReadAction","target":["https:\/\/eurocup3.org\/es\/article\/eurocup-3-se-dirige-al-templo-de-la-velocidad-con-monza-como-sede-de-la-ronda-4\/"]}]},{"@type":"ImageObject","inLanguage":"es","@id":"https:\/\/eurocup3.org\/es\/article\/eurocup-3-se-dirige-al-templo-de-la-velocidad-con-monza-como-sede-de-la-ronda-4\/#primaryimage","url":"https:\/\/eurocup3.org\/wp-content\/uploads\/sites\/4\/2025\/07\/EU3-Monza-ECR_9906-20230610-09.53-1-scaled.jpg","contentUrl":"https:\/\/eurocup3.org\/wp-content\/uploads\/sites\/4\/2025\/07\/EU3-Monza-ECR_9906-20230610-09.53-1-scaled.jpg","width":2560,"height":1032},{"@type":"BreadcrumbList","@id":"https:\/\/eurocup3.org\/es\/article\/eurocup-3-se-dirige-al-templo-de-la-velocidad-con-monza-como-sede-de-la-ronda-4\/#breadcrumb","itemListElement":[{"@type":"ListItem","position":1,"name":"Home","item":"https:\/\/eurocup3.org\/es\/"},{"@type":"ListItem","position":2,"name":"articles","item":"https:\/\/eurocup3.org\/es\/article\/"},{"@type":"ListItem","position":3,"name":"Eurocup-3 se dirige al Templo de la Velocidad con Monza como sede de la Ronda 4."}]},{"@type":"WebSite","@id":"https:\/\/eurocup3.org\/es\/#website","url":"https:\/\/eurocup3.org\/es\/","name":"Eurocup-3","description":"","publisher":{"@id":"https:\/\/eurocup3.org\/es\/#organization"},"potentialAction":[{"@type":"SearchAction","target":{"@type":"EntryPoint","urlTemplate":"https:\/\/eurocup3.org\/es\/?s={search_term_string}"},"query-input":{"@type":"PropertyValueSpecification","valueRequired":true,"valueName":"search_term_string"}}],"inLanguage":"es"},{"@type":"Organization","@id":"https:\/\/eurocup3.org\/es\/#organization","name":"Eurocup-3","url":"https:\/\/eurocup3.org\/es\/","logo":{"@type":"ImageObject","inLanguage":"es","@id":"https:\/\/eurocup3.org\/es\/#\/schema\/logo\/image\/","url":"https:\/\/eurocup3.org\/wp-content\/uploads\/sites\/4\/2025\/05\/Isotipo-Eurocup-3-Color-@4x.png","contentUrl":"https:\/\/eurocup3.org\/wp-content\/uploads\/sites\/4\/2025\/05\/Isotipo-Eurocup-3-Color-@4x.png","width":2132,"height":195,"caption":"Eurocup-3"},"image":{"@id":"https:\/\/eurocup3.org\/es\/#\/schema\/logo\/image\/"}},{"@type":"Person","@id":"https:\/\/eurocup3.org\/es\/#\/schema\/person\/2a034cbef760611ae42a0ac93d83cdc9","name":"andres","image":{"@type":"ImageObject","inLanguage":"es","@id":"https:\/\/eurocup3.org\/es\/#\/schema\/person\/image\/","url":"https:\/\/secure.gravatar.com\/avatar\/f42c3c635964e2add4261a0c66f1d08f456c82fe08df121e963e7c57069a6468?s=96&d=mm&r=g","contentUrl":"https:\/\/secure.gravatar.com\/avatar\/f42c3c635964e2add4261a0c66f1d08f456c82fe08df121e963e7c57069a6468?s=96&d=mm&r=g","caption":"andres"},"url":"https:\/\/eurocup3.org\/es\/author\/andres\/"}]}},"_links":{"self":[{"href":"https:\/\/eurocup3.org\/es\/wp-json\/wp\/v2\/articles\/1208","targetHints":{"allow":["GET"]}}],"collection":[{"href":"https:\/\/eurocup3.org\/es\/wp-json\/wp\/v2\/articles"}],"about":[{"href":"https:\/\/eurocup3.org\/es\/wp-json\/wp\/v2\/types\/article"}],"author":[{"embeddable":true,"href":"https:\/\/eurocup3.org\/es\/wp-json\/wp\/v2\/users\/6"}],"version-history":[{"count":3,"href":"https:\/\/eurocup3.org\/es\/wp-json\/wp\/v2\/articles\/1208\/revisions"}],"predecessor-version":[{"id":1213,"href":"https:\/\/eurocup3.org\/es\/wp-json\/wp\/v2\/articles\/1208\/revisions\/1213"}],"wp:featuredmedia":[{"embeddable":true,"href":"https:\/\/eurocup3.org\/es\/wp-json\/wp\/v2\/media\/1212"}],"wp:attachment":[{"href":"https:\/\/eurocup3.org\/es\/wp-json\/wp\/v2\/media?parent=1208"}],"wp:term":[{"taxonomy":"category","embeddable":true,"href":"https:\/\/eurocup3.org\/es\/wp-json\/wp\/v2\/categories?post=1208"},{"taxonomy":"post_tag","embeddable":true,"href":"https:\/\/eurocup3.org\/es\/wp-json\/wp\/v2\/tags?post=1208"}],"curies":[{"name":"wp","href":"https:\/\/api.w.org\/{rel}","templated":true}]}}