{"id":1033,"date":"2025-06-05T12:35:04","date_gmt":"2025-06-05T12:35:04","guid":{"rendered":"https:\/\/eurocup3.org\/article\/eurocup-3-se-dirige-a-portimao-para-la-ronda-2-con-30-coches-en-la-parrilla\/"},"modified":"2025-06-05T12:47:09","modified_gmt":"2025-06-05T12:47:09","slug":"eurocup-3-se-dirige-a-portimao-para-la-ronda-2-con-30-coches-en-la-parrilla","status":"publish","type":"article","link":"https:\/\/eurocup3.org\/es\/article\/eurocup-3-se-dirige-a-portimao-para-la-ronda-2-con-30-coches-en-la-parrilla\/","title":{"rendered":"Eurocup-3 se dirige a Portim\u00e3o para la Ronda 2 con 30 coches en la parrilla."},"content":{"rendered":"\n<p>Tras un electrizante inicio de temporada en Austria, la Eurocup-3 contin\u00faa su recorrido este fin de semana en el Aut\u00f3dromo Internacional do Algarve, donde 30 pilotos est\u00e1n listos para enfrentarse en la segunda ronda de la temporada 2025.<\/p>\n\n<p>La cita portuguesa llega despu\u00e9s de un primer fin de semana de carreras muy disputado en el Red Bull Ring, donde <a href=\"https:\/\/eurocup3.org\/driver\/mattia-colnaghi\/\">Mattia Colnaghi<\/a> se alz\u00f3 como el primer l\u00edder del campeonato. Sin embargo, con una parrilla que ha demostrado una gran igualdad, el circuito del Algarve ser\u00e1 una prueba clave para identificar a los verdaderos aspirantes al t\u00edtulo a medida que la temporada empieza a definirse. <\/p>\n\n<p>Portim\u00e3o es uno de los trazados favoritos de los aficionados, conocido por sus pronunciados cambios de elevaci\u00f3n, crestas ciegas y una combinaci\u00f3n t\u00e9cnica de curvas. Las oportunidades de adelantamiento son abundantes, especialmente en las curvas 1, 5 y en la horquilla final de la curva 14, aunque mantener el ritmo en el ondulado sector medio ser\u00e1 crucial. El viento impredecible y la baja adherencia del asfalto pondr\u00e1n, una vez m\u00e1s, a prueba los l\u00edmites de pilotos e ingenieros.  <\/p>\n\n<p>Como siempre, los aficionados podr\u00e1n seguir toda la acci\u00f3n en directo a trav\u00e9s del canal oficial de YouTube de Eurocup-3, con cada sesi\u00f3n retransmitida en tiempo real para audiencias de todo el mundo.<\/p>\n\n<p>El fin de semana comenzar\u00e1 el viernes con dos sesiones de test de 40 minutos programadas a las 09:00 y 12:50. El s\u00e1bado tendr\u00e1 lugar la sesi\u00f3n oficial de entrenamientos libres a las 09:55, seguida de la Clasificaci\u00f3n 1 a las 12:05, que determinar\u00e1 la primera pole position del fin de semana antes de la Carrera 1 a las 14:25. M\u00e1s tarde, a las 16:55, se disputar\u00e1 la primera Sprint Race de la temporada, a\u00f1adiendo una capa extra de emoci\u00f3n y estrategia al programa.  <\/p>\n\n<p>La acci\u00f3n del domingo comenzar\u00e1 con la Clasificaci\u00f3n 2 a las 09:00, que establecer\u00e1 la parrilla de salida para la Carrera 2, la cual cerrar\u00e1 el fin de semana a las 12:50.<\/p>\n\n<p>La segunda ronda promete m\u00e1s emoci\u00f3n rueda a rueda, con una lucha cada vez m\u00e1s intensa por el t\u00edtulo de la Eurocup-3 2025.<\/p>\n","protected":false},"excerpt":{"rendered":"<p>Tras un electrizante inicio de temporada en Austria, la Eurocup-3 contin\u00faa su recorrido este fin de semana en el Aut\u00f3dromo [&hellip;]<\/p>\n","protected":false},"author":6,"featured_media":1032,"template":"","format":"standard","meta":{"_acf_changed":false,"r1-race-rules":"","r1cancelledevent":false,"r1completed":false,"r1onreview":false,"first_race":"%5B%5D","r2-race-rules":"","r2cancelledevent":false,"r2completed":false,"r2onreview":false,"second_race":"%5B%5D","r3-race-rules":"","r3cancelledevent":false,"r3completed":false,"r3onreview":false,"third_race":"%5B%5D","show-schedule":false,"show-day-1":false,"schedule1date":"","schedule1":"%5B%5D","show-day-2":false,"schedule2date":"","schedule2":"%5B%5D","show-day-3":false,"schedule3date":"","show-day-4":false,"schedule4date":"","schedule3":"%5B%5D","schedule4":"%5B%5D","q1-race-rules":"","q1cancelledevent":false,"q1completed":false,"q1onreview":false,"qualy1":"%5B%5D","q2-race-rules":"","q2cancelledevent":false,"q2completed":false,"q2onreview":false,"qualy2":"%5B%5D","p2cancelledevent":false,"practice-2":"%5B%5D","p1cancelledevent":false,"practice-1":"%5B%5D","drivers-list":"%5B%5D","teams-list":"%5B%5D","footnotes":""},"categories":[],"tags":[63],"class_list":["post-1033","article","type-article","status-publish","format-standard","has-post-thumbnail","hentry","tag-eurocup3-es"],"acf":[],"yoast_head":"<!-- This site is optimized with the Yoast SEO plugin v26.2 - https:\/\/yoast.com\/wordpress\/plugins\/seo\/ -->\n<title>Eurocup-3 se dirige a Portim\u00e3o para la Ronda 2 con 30 coches en la parrilla.<\/title>\n<meta name=\"description\" content=\"Tras un electrizante inicio de temporada en Austria, la Eurocup-3 contin\u00faa su recorrido este fin de semana en el Aut\u00f3dromo Internacional do Algarve, donde 30 pilotos est\u00e1n listos para enfrentarse en la segunda ronda de la temporada 2025.\" \/>\n<meta name=\"robots\" content=\"index, follow, max-snippet:-1, max-image-preview:large, max-video-preview:-1\" \/>\n<link rel=\"canonical\" href=\"https:\/\/eurocup3.org\/es\/article\/eurocup-3-se-dirige-a-portimao-para-la-ronda-2-con-30-coches-en-la-parrilla\/\" \/>\n<meta property=\"og:locale\" content=\"es_ES\" \/>\n<meta property=\"og:type\" content=\"article\" \/>\n<meta property=\"og:title\" content=\"Eurocup-3 se dirige a Portim\u00e3o para la Ronda 2 con 30 coches en la parrilla.\" \/>\n<meta property=\"og:description\" content=\"Tras un electrizante inicio de temporada en Austria, la Eurocup-3 contin\u00faa su recorrido este fin de semana en el Aut\u00f3dromo Internacional do Algarve, donde 30 pilotos est\u00e1n listos para enfrentarse en la segunda ronda de la temporada 2025.\" \/>\n<meta property=\"og:url\" content=\"https:\/\/eurocup3.org\/es\/article\/eurocup-3-se-dirige-a-portimao-para-la-ronda-2-con-30-coches-en-la-parrilla\/\" \/>\n<meta property=\"og:site_name\" content=\"Eurocup-3\" \/>\n<meta property=\"article:modified_time\" content=\"2025-06-05T12:47:09+00:00\" \/>\n<meta property=\"og:image\" content=\"https:\/\/eurocup3.org\/wp-content\/uploads\/sites\/4\/2025\/06\/20250223_SWC_R2Portimao_122A2750-1-1-scaled.jpg\" \/>\n\t<meta property=\"og:image:width\" content=\"2560\" \/>\n\t<meta property=\"og:image:height\" content=\"1220\" \/>\n\t<meta property=\"og:image:type\" content=\"image\/jpeg\" \/>\n<meta name=\"twitter:card\" content=\"summary_large_image\" \/>\n<meta name=\"twitter:label1\" content=\"Tiempo de lectura\" \/>\n\t<meta name=\"twitter:data1\" content=\"2 minutos\" \/>\n<script type=\"application\/ld+json\" class=\"yoast-schema-graph\">{\"@context\":\"https:\/\/schema.org\",\"@graph\":[{\"@type\":\"NewsArticle\",\"@id\":\"https:\/\/eurocup3.org\/es\/article\/eurocup-3-se-dirige-a-portimao-para-la-ronda-2-con-30-coches-en-la-parrilla\/#article\",\"isPartOf\":{\"@id\":\"https:\/\/eurocup3.org\/es\/article\/eurocup-3-se-dirige-a-portimao-para-la-ronda-2-con-30-coches-en-la-parrilla\/\"},\"author\":{\"name\":\"andres\",\"@id\":\"https:\/\/eurocup3.org\/es\/#\/schema\/person\/2a034cbef760611ae42a0ac93d83cdc9\"},\"headline\":\"Eurocup-3 se dirige a Portim\u00e3o para la Ronda 2 con 30 coches en la parrilla.\",\"datePublished\":\"2025-06-05T12:35:04+00:00\",\"dateModified\":\"2025-06-05T12:47:09+00:00\",\"mainEntityOfPage\":{\"@id\":\"https:\/\/eurocup3.org\/es\/article\/eurocup-3-se-dirige-a-portimao-para-la-ronda-2-con-30-coches-en-la-parrilla\/\"},\"wordCount\":378,\"publisher\":{\"@id\":\"https:\/\/eurocup3.org\/es\/#organization\"},\"image\":{\"@id\":\"https:\/\/eurocup3.org\/es\/article\/eurocup-3-se-dirige-a-portimao-para-la-ronda-2-con-30-coches-en-la-parrilla\/#primaryimage\"},\"thumbnailUrl\":\"https:\/\/eurocup3.org\/wp-content\/uploads\/sites\/4\/2025\/06\/20250223_SWC_R2Portimao_122A2750-1-1-scaled.jpg\",\"keywords\":[\"Eurocup3\"],\"inLanguage\":\"es\"},{\"@type\":\"WebPage\",\"@id\":\"https:\/\/eurocup3.org\/es\/article\/eurocup-3-se-dirige-a-portimao-para-la-ronda-2-con-30-coches-en-la-parrilla\/\",\"url\":\"https:\/\/eurocup3.org\/es\/article\/eurocup-3-se-dirige-a-portimao-para-la-ronda-2-con-30-coches-en-la-parrilla\/\",\"name\":\"Eurocup-3 se dirige a Portim\u00e3o para la Ronda 2 con 30 coches en la parrilla.\",\"isPartOf\":{\"@id\":\"https:\/\/eurocup3.org\/es\/#website\"},\"primaryImageOfPage\":{\"@id\":\"https:\/\/eurocup3.org\/es\/article\/eurocup-3-se-dirige-a-portimao-para-la-ronda-2-con-30-coches-en-la-parrilla\/#primaryimage\"},\"image\":{\"@id\":\"https:\/\/eurocup3.org\/es\/article\/eurocup-3-se-dirige-a-portimao-para-la-ronda-2-con-30-coches-en-la-parrilla\/#primaryimage\"},\"thumbnailUrl\":\"https:\/\/eurocup3.org\/wp-content\/uploads\/sites\/4\/2025\/06\/20250223_SWC_R2Portimao_122A2750-1-1-scaled.jpg\",\"datePublished\":\"2025-06-05T12:35:04+00:00\",\"dateModified\":\"2025-06-05T12:47:09+00:00\",\"description\":\"Tras un electrizante inicio de temporada en Austria, la Eurocup-3 contin\u00faa su recorrido este fin de semana en el Aut\u00f3dromo Internacional do Algarve, donde 30 pilotos est\u00e1n listos para enfrentarse en la segunda ronda de la temporada 2025.\",\"breadcrumb\":{\"@id\":\"https:\/\/eurocup3.org\/es\/article\/eurocup-3-se-dirige-a-portimao-para-la-ronda-2-con-30-coches-en-la-parrilla\/#breadcrumb\"},\"inLanguage\":\"es\",\"potentialAction\":[{\"@type\":\"ReadAction\",\"target\":[\"https:\/\/eurocup3.org\/es\/article\/eurocup-3-se-dirige-a-portimao-para-la-ronda-2-con-30-coches-en-la-parrilla\/\"]}]},{\"@type\":\"ImageObject\",\"inLanguage\":\"es\",\"@id\":\"https:\/\/eurocup3.org\/es\/article\/eurocup-3-se-dirige-a-portimao-para-la-ronda-2-con-30-coches-en-la-parrilla\/#primaryimage\",\"url\":\"https:\/\/eurocup3.org\/wp-content\/uploads\/sites\/4\/2025\/06\/20250223_SWC_R2Portimao_122A2750-1-1-scaled.jpg\",\"contentUrl\":\"https:\/\/eurocup3.org\/wp-content\/uploads\/sites\/4\/2025\/06\/20250223_SWC_R2Portimao_122A2750-1-1-scaled.jpg\",\"width\":2560,\"height\":1220},{\"@type\":\"BreadcrumbList\",\"@id\":\"https:\/\/eurocup3.org\/es\/article\/eurocup-3-se-dirige-a-portimao-para-la-ronda-2-con-30-coches-en-la-parrilla\/#breadcrumb\",\"itemListElement\":[{\"@type\":\"ListItem\",\"position\":1,\"name\":\"Home\",\"item\":\"https:\/\/eurocup3.org\/es\/\"},{\"@type\":\"ListItem\",\"position\":2,\"name\":\"articles\",\"item\":\"https:\/\/eurocup3.org\/es\/article\/\"},{\"@type\":\"ListItem\",\"position\":3,\"name\":\"Eurocup-3 se dirige a Portim\u00e3o para la Ronda 2 con 30 coches en la parrilla.\"}]},{\"@type\":\"WebSite\",\"@id\":\"https:\/\/eurocup3.org\/es\/#website\",\"url\":\"https:\/\/eurocup3.org\/es\/\",\"name\":\"Eurocup-3\",\"description\":\"\",\"publisher\":{\"@id\":\"https:\/\/eurocup3.org\/es\/#organization\"},\"potentialAction\":[{\"@type\":\"SearchAction\",\"target\":{\"@type\":\"EntryPoint\",\"urlTemplate\":\"https:\/\/eurocup3.org\/es\/?s={search_term_string}\"},\"query-input\":{\"@type\":\"PropertyValueSpecification\",\"valueRequired\":true,\"valueName\":\"search_term_string\"}}],\"inLanguage\":\"es\"},{\"@type\":\"Organization\",\"@id\":\"https:\/\/eurocup3.org\/es\/#organization\",\"name\":\"Eurocup-3\",\"url\":\"https:\/\/eurocup3.org\/es\/\",\"logo\":{\"@type\":\"ImageObject\",\"inLanguage\":\"es\",\"@id\":\"https:\/\/eurocup3.org\/es\/#\/schema\/logo\/image\/\",\"url\":\"https:\/\/eurocup3.org\/wp-content\/uploads\/sites\/4\/2025\/05\/Isotipo-Eurocup-3-Color-@4x.png\",\"contentUrl\":\"https:\/\/eurocup3.org\/wp-content\/uploads\/sites\/4\/2025\/05\/Isotipo-Eurocup-3-Color-@4x.png\",\"width\":2132,\"height\":195,\"caption\":\"Eurocup-3\"},\"image\":{\"@id\":\"https:\/\/eurocup3.org\/es\/#\/schema\/logo\/image\/\"}},{\"@type\":\"Person\",\"@id\":\"https:\/\/eurocup3.org\/es\/#\/schema\/person\/2a034cbef760611ae42a0ac93d83cdc9\",\"name\":\"andres\",\"image\":{\"@type\":\"ImageObject\",\"inLanguage\":\"es\",\"@id\":\"https:\/\/eurocup3.org\/es\/#\/schema\/person\/image\/\",\"url\":\"https:\/\/secure.gravatar.com\/avatar\/f42c3c635964e2add4261a0c66f1d08f456c82fe08df121e963e7c57069a6468?s=96&d=mm&r=g\",\"contentUrl\":\"https:\/\/secure.gravatar.com\/avatar\/f42c3c635964e2add4261a0c66f1d08f456c82fe08df121e963e7c57069a6468?s=96&d=mm&r=g\",\"caption\":\"andres\"},\"url\":\"https:\/\/eurocup3.org\/es\/author\/andres\/\"}]}<\/script>\n<!-- \/ Yoast SEO plugin. -->","yoast_head_json":{"title":"Eurocup-3 se dirige a Portim\u00e3o para la Ronda 2 con 30 coches en la parrilla.","description":"Tras un electrizante inicio de temporada en Austria, la Eurocup-3 contin\u00faa su recorrido este fin de semana en el Aut\u00f3dromo Internacional do Algarve, donde 30 pilotos est\u00e1n listos para enfrentarse en la segunda ronda de la temporada 2025.","robots":{"index":"index","follow":"follow","max-snippet":"max-snippet:-1","max-image-preview":"max-image-preview:large","max-video-preview":"max-video-preview:-1"},"canonical":"https:\/\/eurocup3.org\/es\/article\/eurocup-3-se-dirige-a-portimao-para-la-ronda-2-con-30-coches-en-la-parrilla\/","og_locale":"es_ES","og_type":"article","og_title":"Eurocup-3 se dirige a Portim\u00e3o para la Ronda 2 con 30 coches en la parrilla.","og_description":"Tras un electrizante inicio de temporada en Austria, la Eurocup-3 contin\u00faa su recorrido este fin de semana en el Aut\u00f3dromo Internacional do Algarve, donde 30 pilotos est\u00e1n listos para enfrentarse en la segunda ronda de la temporada 2025.","og_url":"https:\/\/eurocup3.org\/es\/article\/eurocup-3-se-dirige-a-portimao-para-la-ronda-2-con-30-coches-en-la-parrilla\/","og_site_name":"Eurocup-3","article_modified_time":"2025-06-05T12:47:09+00:00","og_image":[{"width":2560,"height":1220,"url":"https:\/\/eurocup3.org\/wp-content\/uploads\/sites\/4\/2025\/06\/20250223_SWC_R2Portimao_122A2750-1-1-scaled.jpg","type":"image\/jpeg"}],"twitter_card":"summary_large_image","twitter_misc":{"Tiempo de lectura":"2 minutos"},"schema":{"@context":"https:\/\/schema.org","@graph":[{"@type":"NewsArticle","@id":"https:\/\/eurocup3.org\/es\/article\/eurocup-3-se-dirige-a-portimao-para-la-ronda-2-con-30-coches-en-la-parrilla\/#article","isPartOf":{"@id":"https:\/\/eurocup3.org\/es\/article\/eurocup-3-se-dirige-a-portimao-para-la-ronda-2-con-30-coches-en-la-parrilla\/"},"author":{"name":"andres","@id":"https:\/\/eurocup3.org\/es\/#\/schema\/person\/2a034cbef760611ae42a0ac93d83cdc9"},"headline":"Eurocup-3 se dirige a Portim\u00e3o para la Ronda 2 con 30 coches en la parrilla.","datePublished":"2025-06-05T12:35:04+00:00","dateModified":"2025-06-05T12:47:09+00:00","mainEntityOfPage":{"@id":"https:\/\/eurocup3.org\/es\/article\/eurocup-3-se-dirige-a-portimao-para-la-ronda-2-con-30-coches-en-la-parrilla\/"},"wordCount":378,"publisher":{"@id":"https:\/\/eurocup3.org\/es\/#organization"},"image":{"@id":"https:\/\/eurocup3.org\/es\/article\/eurocup-3-se-dirige-a-portimao-para-la-ronda-2-con-30-coches-en-la-parrilla\/#primaryimage"},"thumbnailUrl":"https:\/\/eurocup3.org\/wp-content\/uploads\/sites\/4\/2025\/06\/20250223_SWC_R2Portimao_122A2750-1-1-scaled.jpg","keywords":["Eurocup3"],"inLanguage":"es"},{"@type":"WebPage","@id":"https:\/\/eurocup3.org\/es\/article\/eurocup-3-se-dirige-a-portimao-para-la-ronda-2-con-30-coches-en-la-parrilla\/","url":"https:\/\/eurocup3.org\/es\/article\/eurocup-3-se-dirige-a-portimao-para-la-ronda-2-con-30-coches-en-la-parrilla\/","name":"Eurocup-3 se dirige a Portim\u00e3o para la Ronda 2 con 30 coches en la parrilla.","isPartOf":{"@id":"https:\/\/eurocup3.org\/es\/#website"},"primaryImageOfPage":{"@id":"https:\/\/eurocup3.org\/es\/article\/eurocup-3-se-dirige-a-portimao-para-la-ronda-2-con-30-coches-en-la-parrilla\/#primaryimage"},"image":{"@id":"https:\/\/eurocup3.org\/es\/article\/eurocup-3-se-dirige-a-portimao-para-la-ronda-2-con-30-coches-en-la-parrilla\/#primaryimage"},"thumbnailUrl":"https:\/\/eurocup3.org\/wp-content\/uploads\/sites\/4\/2025\/06\/20250223_SWC_R2Portimao_122A2750-1-1-scaled.jpg","datePublished":"2025-06-05T12:35:04+00:00","dateModified":"2025-06-05T12:47:09+00:00","description":"Tras un electrizante inicio de temporada en Austria, la Eurocup-3 contin\u00faa su recorrido este fin de semana en el Aut\u00f3dromo Internacional do Algarve, donde 30 pilotos est\u00e1n listos para enfrentarse en la segunda ronda de la temporada 2025.","breadcrumb":{"@id":"https:\/\/eurocup3.org\/es\/article\/eurocup-3-se-dirige-a-portimao-para-la-ronda-2-con-30-coches-en-la-parrilla\/#breadcrumb"},"inLanguage":"es","potentialAction":[{"@type":"ReadAction","target":["https:\/\/eurocup3.org\/es\/article\/eurocup-3-se-dirige-a-portimao-para-la-ronda-2-con-30-coches-en-la-parrilla\/"]}]},{"@type":"ImageObject","inLanguage":"es","@id":"https:\/\/eurocup3.org\/es\/article\/eurocup-3-se-dirige-a-portimao-para-la-ronda-2-con-30-coches-en-la-parrilla\/#primaryimage","url":"https:\/\/eurocup3.org\/wp-content\/uploads\/sites\/4\/2025\/06\/20250223_SWC_R2Portimao_122A2750-1-1-scaled.jpg","contentUrl":"https:\/\/eurocup3.org\/wp-content\/uploads\/sites\/4\/2025\/06\/20250223_SWC_R2Portimao_122A2750-1-1-scaled.jpg","width":2560,"height":1220},{"@type":"BreadcrumbList","@id":"https:\/\/eurocup3.org\/es\/article\/eurocup-3-se-dirige-a-portimao-para-la-ronda-2-con-30-coches-en-la-parrilla\/#breadcrumb","itemListElement":[{"@type":"ListItem","position":1,"name":"Home","item":"https:\/\/eurocup3.org\/es\/"},{"@type":"ListItem","position":2,"name":"articles","item":"https:\/\/eurocup3.org\/es\/article\/"},{"@type":"ListItem","position":3,"name":"Eurocup-3 se dirige a Portim\u00e3o para la Ronda 2 con 30 coches en la parrilla."}]},{"@type":"WebSite","@id":"https:\/\/eurocup3.org\/es\/#website","url":"https:\/\/eurocup3.org\/es\/","name":"Eurocup-3","description":"","publisher":{"@id":"https:\/\/eurocup3.org\/es\/#organization"},"potentialAction":[{"@type":"SearchAction","target":{"@type":"EntryPoint","urlTemplate":"https:\/\/eurocup3.org\/es\/?s={search_term_string}"},"query-input":{"@type":"PropertyValueSpecification","valueRequired":true,"valueName":"search_term_string"}}],"inLanguage":"es"},{"@type":"Organization","@id":"https:\/\/eurocup3.org\/es\/#organization","name":"Eurocup-3","url":"https:\/\/eurocup3.org\/es\/","logo":{"@type":"ImageObject","inLanguage":"es","@id":"https:\/\/eurocup3.org\/es\/#\/schema\/logo\/image\/","url":"https:\/\/eurocup3.org\/wp-content\/uploads\/sites\/4\/2025\/05\/Isotipo-Eurocup-3-Color-@4x.png","contentUrl":"https:\/\/eurocup3.org\/wp-content\/uploads\/sites\/4\/2025\/05\/Isotipo-Eurocup-3-Color-@4x.png","width":2132,"height":195,"caption":"Eurocup-3"},"image":{"@id":"https:\/\/eurocup3.org\/es\/#\/schema\/logo\/image\/"}},{"@type":"Person","@id":"https:\/\/eurocup3.org\/es\/#\/schema\/person\/2a034cbef760611ae42a0ac93d83cdc9","name":"andres","image":{"@type":"ImageObject","inLanguage":"es","@id":"https:\/\/eurocup3.org\/es\/#\/schema\/person\/image\/","url":"https:\/\/secure.gravatar.com\/avatar\/f42c3c635964e2add4261a0c66f1d08f456c82fe08df121e963e7c57069a6468?s=96&d=mm&r=g","contentUrl":"https:\/\/secure.gravatar.com\/avatar\/f42c3c635964e2add4261a0c66f1d08f456c82fe08df121e963e7c57069a6468?s=96&d=mm&r=g","caption":"andres"},"url":"https:\/\/eurocup3.org\/es\/author\/andres\/"}]}},"_links":{"self":[{"href":"https:\/\/eurocup3.org\/es\/wp-json\/wp\/v2\/articles\/1033","targetHints":{"allow":["GET"]}}],"collection":[{"href":"https:\/\/eurocup3.org\/es\/wp-json\/wp\/v2\/articles"}],"about":[{"href":"https:\/\/eurocup3.org\/es\/wp-json\/wp\/v2\/types\/article"}],"author":[{"embeddable":true,"href":"https:\/\/eurocup3.org\/es\/wp-json\/wp\/v2\/users\/6"}],"version-history":[{"count":3,"href":"https:\/\/eurocup3.org\/es\/wp-json\/wp\/v2\/articles\/1033\/revisions"}],"predecessor-version":[{"id":1036,"href":"https:\/\/eurocup3.org\/es\/wp-json\/wp\/v2\/articles\/1033\/revisions\/1036"}],"wp:featuredmedia":[{"embeddable":true,"href":"https:\/\/eurocup3.org\/es\/wp-json\/wp\/v2\/media\/1032"}],"wp:attachment":[{"href":"https:\/\/eurocup3.org\/es\/wp-json\/wp\/v2\/media?parent=1033"}],"wp:term":[{"taxonomy":"category","embeddable":true,"href":"https:\/\/eurocup3.org\/es\/wp-json\/wp\/v2\/categories?post=1033"},{"taxonomy":"post_tag","embeddable":true,"href":"https:\/\/eurocup3.org\/es\/wp-json\/wp\/v2\/tags?post=1033"}],"curies":[{"name":"wp","href":"https:\/\/api.w.org\/{rel}","templated":true}]}}